{"id":2619,"date":"2016-02-17T13:38:28","date_gmt":"2016-02-17T12:38:28","guid":{"rendered":"http:\/\/agora.xtec.cat\/escolapablopicasso\/?p=2619"},"modified":"2016-03-02T14:18:41","modified_gmt":"2016-03-02T13:18:41","slug":"anem-al-mercat-segon","status":"publish","type":"post","link":"https:\/\/agora.xtec.cat\/escolapablopicasso\/general\/anem-al-mercat-segon\/","title":{"rendered":"Anem al mercat. Segon."},"content":{"rendered":"<p>Aquesta setmana els alumnes de segon han visitat el mercat 11 de Setembre de Barber\u00e0 del Vall\u00e8s. Amb el nostre cistell i els nostres diners hem comprat pa, tom\u00e0quets, pernil, formatge, olives, pl\u00e0tans, mandarines, etc. per fer un esmorzar a la classe. Hem gaudit molt de l&#8217;activitat ja que hem pogut saber una mica m\u00e9s sobre les diferents parades del mercat.<\/p>\n<p><iframe loading=\"lazy\" src=\"\/\/www.youtube.com\/embed\/r_nEb7mfCrU\" width=\"425\" height=\"350\"><\/iframe><\/p>\n","protected":false},"excerpt":{"rendered":"<p>Aquesta setmana els alumnes de segon han visitat el mercat 11 de Setembre de Barber\u00e0 del Vall\u00e8s. Amb el nostre cistell i els nostres diners hem comprat pa, tom\u00e0quets, pernil, formatge, olives, pl\u00e0tans, mandarines, etc. per fer un esmorzar a la classe. Hem gaudit molt&hellip;  <a href=\"https:\/\/agora.xtec.cat\/escolapablopicasso\/general\/anem-al-mercat-segon\/\" title=\"Read Anem al mercat. Segon.\">Llegeix m\u00e9s\u00bb<\/a><\/p>\n","protected":false},"author":5,"featured_media":0,"comment_status":"open","ping_status":"open","sticky":false,"template":"","format":"standard","meta":{"_bbp_topic_count":0,"_bbp_reply_count":0,"_bbp_total_topic_count":0,"_bbp_total_reply_count":0,"_bbp_voice_count":0,"_bbp_anonymous_reply_count":0,"_bbp_topic_count_hidden":0,"_bbp_reply_count_hidden":0,"_bbp_forum_subforum_count":0,"footnotes":""},"categories":[11,1,4,5,30],"tags":[],"class_list":["post-2619","post","type-post","status-publish","format-standard","hentry","category-2n","category-general","category-portada","category-primaria","category-sortides"],"post_mailing_queue_ids":[],"_links":{"self":[{"href":"https:\/\/agora.xtec.cat\/escolapablopicasso\/wp-json\/wp\/v2\/posts\/2619","targetHints":{"allow":["GET"]}}],"collection":[{"href":"https:\/\/agora.xtec.cat\/escolapablopicasso\/wp-json\/wp\/v2\/posts"}],"about":[{"href":"https:\/\/agora.xtec.cat\/escolapablopicasso\/wp-json\/wp\/v2\/types\/post"}],"author":[{"embeddable":true,"href":"https:\/\/agora.xtec.cat\/escolapablopicasso\/wp-json\/wp\/v2\/users\/5"}],"replies":[{"embeddable":true,"href":"https:\/\/agora.xtec.cat\/escolapablopicasso\/wp-json\/wp\/v2\/comments?post=2619"}],"version-history":[{"count":2,"href":"https:\/\/agora.xtec.cat\/escolapablopicasso\/wp-json\/wp\/v2\/posts\/2619\/revisions"}],"predecessor-version":[{"id":2655,"href":"https:\/\/agora.xtec.cat\/escolapablopicasso\/wp-json\/wp\/v2\/posts\/2619\/revisions\/2655"}],"wp:attachment":[{"href":"https:\/\/agora.xtec.cat\/escolapablopicasso\/wp-json\/wp\/v2\/media?parent=2619"}],"wp:term":[{"taxonomy":"category","embeddable":true,"href":"https:\/\/agora.xtec.cat\/escolapablopicasso\/wp-json\/wp\/v2\/categories?post=2619"},{"taxonomy":"post_tag","embeddable":true,"href":"https:\/\/agora.xtec.cat\/escolapablopicasso\/wp-json\/wp\/v2\/tags?post=2619"}],"curies":[{"name":"wp","href":"https:\/\/api.w.org\/{rel}","templated":true}]}}