{"id":2497,"date":"2016-01-29T10:30:19","date_gmt":"2016-01-29T09:30:19","guid":{"rendered":"http:\/\/agora.xtec.cat\/escolapablopicasso\/?p=2497"},"modified":"2016-02-02T12:41:04","modified_gmt":"2016-02-02T11:41:04","slug":"carnestoltes-1-ampa","status":"publish","type":"post","link":"https:\/\/agora.xtec.cat\/escolapablopicasso\/general\/carnestoltes-1-ampa\/","title":{"rendered":"CARNESTOLTES 1 &#8211; AMPA"},"content":{"rendered":"<p>Com ja sabeu, l&#8217;AMPA organitza la festa del Carnestoltes. Doncs, el Rei Carnestoltes ja ha dit quines penyores hauran de portar els nens i nenes de l&#8217;escola:<\/p>\n<ul>\n<li>Dilluns 1: porta la teva samarreta tunejada (pintada, estripada, etc).<\/li>\n<li>Dimarts 2: un mitj\u00f3 de cada color et posar\u00e0s i per sobre del pantal\u00f3 el lluir\u00e0s!<\/li>\n<li>Dimecres 3: de color blau has de venir si a l&#8217;hora del pati vols sortir.<\/li>\n<li>Dijous 4: si us agrada cuinar, un davantall maco haureu de portar.<\/li>\n<li>Divendres 5: en pijama haur\u00e0s de venir, si vols sentir-te com en el llit.<\/li>\n<\/ul>\n<p><img loading=\"lazy\" decoding=\"async\" class=\"alignnone\" src=\"http:\/\/blocs.gracianet.cat\/lelefant_trompeta\/files\/2012\/02\/reicarnestoltes_pk.jpg\" alt=\"\" width=\"256\" height=\"347\" \/><\/p>\n","protected":false},"excerpt":{"rendered":"<p>Com ja sabeu, l&#8217;AMPA organitza la festa del Carnestoltes. Doncs, el Rei Carnestoltes ja ha dit quines penyores hauran de portar els nens i nenes de l&#8217;escola:<\/p>\n<ul>\n<li>Dilluns 1: porta la teva samarreta tunejada (pintada, estripada, etc).<\/li>\n<li>Dimarts 2: un mitj\u00f3 de cada color et posar\u00e0s i&hellip;  <a href=\"https:\/\/agora.xtec.cat\/escolapablopicasso\/general\/carnestoltes-1-ampa\/\" title=\"Read CARNESTOLTES 1 &#8211; AMPA\">Llegeix m\u00e9s\u00bb<\/a><br \/>\n","protected":false},"author":1,"featured_media":0,"comment_status":"open","ping_status":"open","sticky":false,"template":"","format":"standard","meta":{"_bbp_topic_count":0,"_bbp_reply_count":0,"_bbp_total_topic_count":0,"_bbp_total_reply_count":0,"_bbp_voice_count":0,"_bbp_anonymous_reply_count":0,"_bbp_topic_count_hidden":0,"_bbp_reply_count_hidden":0,"_bbp_forum_subforum_count":0,"footnotes":""},"categories":[7,23,1,4],"tags":[],"class_list":["post-2497","post","type-post","status-publish","format-standard","hentry","category-ampa","category-nadal","category-general","category-portada"],"post_mailing_queue_ids":[],"_links":{"self":[{"href":"https:\/\/agora.xtec.cat\/escolapablopicasso\/wp-json\/wp\/v2\/posts\/2497","targetHints":{"allow":["GET"]}}],"collection":[{"href":"https:\/\/agora.xtec.cat\/escolapablopicasso\/wp-json\/wp\/v2\/posts"}],"about":[{"href":"https:\/\/agora.xtec.cat\/escolapablopicasso\/wp-json\/wp\/v2\/types\/post"}],"author":[{"embeddable":true,"href":"https:\/\/agora.xtec.cat\/escolapablopicasso\/wp-json\/wp\/v2\/users\/1"}],"replies":[{"embeddable":true,"href":"https:\/\/agora.xtec.cat\/escolapablopicasso\/wp-json\/wp\/v2\/comments?post=2497"}],"version-history":[{"count":3,"href":"https:\/\/agora.xtec.cat\/escolapablopicasso\/wp-json\/wp\/v2\/posts\/2497\/revisions"}],"predecessor-version":[{"id":2500,"href":"https:\/\/agora.xtec.cat\/escolapablopicasso\/wp-json\/wp\/v2\/posts\/2497\/revisions\/2500"}],"wp:attachment":[{"href":"https:\/\/agora.xtec.cat\/escolapablopicasso\/wp-json\/wp\/v2\/media?parent=2497"}],"wp:term":[{"taxonomy":"category","embeddable":true,"href":"https:\/\/agora.xtec.cat\/escolapablopicasso\/wp-json\/wp\/v2\/categories?post=2497"},{"taxonomy":"post_tag","embeddable":true,"href":"https:\/\/agora.xtec.cat\/escolapablopicasso\/wp-json\/wp\/v2\/tags?post=2497"}],"curies":[{"name":"wp","href":"https:\/\/api.w.org\/{rel}","templated":true}]}}