{"id":2471,"date":"2015-12-23T13:23:24","date_gmt":"2015-12-23T12:23:24","guid":{"rendered":"http:\/\/agora.xtec.cat\/escolapablopicasso\/?p=2471"},"modified":"2016-01-25T14:26:50","modified_gmt":"2016-01-25T13:26:50","slug":"concert-intern-de-lescola-21-12-15","status":"publish","type":"post","link":"https:\/\/agora.xtec.cat\/escolapablopicasso\/general\/concert-intern-de-lescola-21-12-15\/","title":{"rendered":"CONCERT INTERN DE L&#8217;ESCOLA (21.12.15)"},"content":{"rendered":"<p>El dilluns 21 de desembre al mat\u00ed hem fet el concert intern perqu\u00e8 aix\u00ed tots els i les alumnes de l&#8217;escola poguessin gaudir de les can\u00e7ons que havien estat preparant durant el primer trimestre del curs.<\/p>\n<p>Aqu\u00ed teniu un resum del concert intern:<\/p>\n<p>CICLE INFANTIL<\/p>\n<p><iframe loading=\"lazy\" title=\"Concert intern 15-16 INFANTIL\" width=\"500\" height=\"281\" src=\"https:\/\/www.youtube.com\/embed\/qEWGWwtmwdU?feature=oembed\" frameborder=\"0\" allow=\"accelerometer; autoplay; clipboard-write; encrypted-media; gyroscope; picture-in-picture; web-share\" referrerpolicy=\"strict-origin-when-cross-origin\" allowfullscreen><\/iframe><\/p>\n<p>CICLE INICIAL<\/p>\n<p><iframe loading=\"lazy\" title=\"Concert intern 15-16 CICLE INICIAL\" width=\"500\" height=\"281\" src=\"https:\/\/www.youtube.com\/embed\/Akl2ouGVwEI?feature=oembed\" frameborder=\"0\" allow=\"accelerometer; autoplay; clipboard-write; encrypted-media; gyroscope; picture-in-picture; web-share\" referrerpolicy=\"strict-origin-when-cross-origin\" allowfullscreen><\/iframe><\/p>\n<p>CICLE MITJ\u00c0<\/p>\n<p><iframe loading=\"lazy\" title=\"Concert intern 15-16 CICLE MITJA\" width=\"500\" height=\"281\" src=\"https:\/\/www.youtube.com\/embed\/ZBPx4GKinmo?feature=oembed\" frameborder=\"0\" allow=\"accelerometer; autoplay; clipboard-write; encrypted-media; gyroscope; picture-in-picture; web-share\" referrerpolicy=\"strict-origin-when-cross-origin\" allowfullscreen><\/iframe><\/p>\n<p>CICLE SUPERIOR<\/p>\n<p><iframe loading=\"lazy\" title=\"Concert intern 15-16 CICLE SUPERIOR\" width=\"500\" height=\"281\" src=\"https:\/\/www.youtube.com\/embed\/bF4cdBpvcjQ?feature=oembed\" frameborder=\"0\" allow=\"accelerometer; autoplay; clipboard-write; encrypted-media; gyroscope; picture-in-picture; web-share\" referrerpolicy=\"strict-origin-when-cross-origin\" allowfullscreen><\/iframe><\/p>\n<p>CAN\u00c7\u00d3 CONJUNTA &#8211; FINAL<\/p>\n<p><iframe loading=\"lazy\" title=\"Concert intern 15-16 Can\u00e7\u00f3 final\" width=\"500\" height=\"281\" src=\"https:\/\/www.youtube.com\/embed\/Vsl0ylyomgQ?feature=oembed\" frameborder=\"0\" allow=\"accelerometer; autoplay; clipboard-write; encrypted-media; gyroscope; picture-in-picture; web-share\" referrerpolicy=\"strict-origin-when-cross-origin\" allowfullscreen><\/iframe><\/p>\n","protected":false},"excerpt":{"rendered":"<p>El dilluns 21 de desembre al mat\u00ed hem fet el concert intern perqu\u00e8 aix\u00ed tots els i les alumnes de l&#8217;escola poguessin gaudir de les can\u00e7ons que havien estat preparant durant el primer trimestre del curs.<br \/>\nAqu\u00ed teniu un resum del concert intern:<br \/>\nCICLE INFANTIL<\/p>\n<p>CICLE INICIAL<\/p>\n<p>CICLE MITJ\u00c0<\/p>\n<p>CICLE&hellip;  <a href=\"https:\/\/agora.xtec.cat\/escolapablopicasso\/general\/concert-intern-de-lescola-21-12-15\/\" title=\"Read CONCERT INTERN DE L&#8217;ESCOLA (21.12.15)\">Llegeix m\u00e9s\u00bb<\/a><\/p>\n","protected":false},"author":3,"featured_media":0,"comment_status":"open","ping_status":"open","sticky":false,"template":"","format":"standard","meta":{"_bbp_topic_count":0,"_bbp_reply_count":0,"_bbp_total_topic_count":0,"_bbp_total_reply_count":0,"_bbp_voice_count":0,"_bbp_anonymous_reply_count":0,"_bbp_topic_count_hidden":0,"_bbp_reply_count_hidden":0,"_bbp_forum_subforum_count":0,"footnotes":""},"categories":[10,11,12,13,14,15,23,1,3,8,9,2,24,4,5],"tags":[],"class_list":["post-2471","post","type-post","status-publish","format-standard","hentry","category-1r","category-2n","category-3r","category-4t","category-5e","category-6e","category-nadal","category-general","category-i3","category-i4","category-i5","category-infantil","category-musica","category-portada","category-primaria"],"post_mailing_queue_ids":[],"_links":{"self":[{"href":"https:\/\/agora.xtec.cat\/escolapablopicasso\/wp-json\/wp\/v2\/posts\/2471","targetHints":{"allow":["GET"]}}],"collection":[{"href":"https:\/\/agora.xtec.cat\/escolapablopicasso\/wp-json\/wp\/v2\/posts"}],"about":[{"href":"https:\/\/agora.xtec.cat\/escolapablopicasso\/wp-json\/wp\/v2\/types\/post"}],"author":[{"embeddable":true,"href":"https:\/\/agora.xtec.cat\/escolapablopicasso\/wp-json\/wp\/v2\/users\/3"}],"replies":[{"embeddable":true,"href":"https:\/\/agora.xtec.cat\/escolapablopicasso\/wp-json\/wp\/v2\/comments?post=2471"}],"version-history":[{"count":3,"href":"https:\/\/agora.xtec.cat\/escolapablopicasso\/wp-json\/wp\/v2\/posts\/2471\/revisions"}],"predecessor-version":[{"id":2476,"href":"https:\/\/agora.xtec.cat\/escolapablopicasso\/wp-json\/wp\/v2\/posts\/2471\/revisions\/2476"}],"wp:attachment":[{"href":"https:\/\/agora.xtec.cat\/escolapablopicasso\/wp-json\/wp\/v2\/media?parent=2471"}],"wp:term":[{"taxonomy":"category","embeddable":true,"href":"https:\/\/agora.xtec.cat\/escolapablopicasso\/wp-json\/wp\/v2\/categories?post=2471"},{"taxonomy":"post_tag","embeddable":true,"href":"https:\/\/agora.xtec.cat\/escolapablopicasso\/wp-json\/wp\/v2\/tags?post=2471"}],"curies":[{"name":"wp","href":"https:\/\/api.w.org\/{rel}","templated":true}]}}