{"id":2449,"date":"2015-12-23T13:13:33","date_gmt":"2015-12-23T12:13:33","guid":{"rendered":"http:\/\/agora.xtec.cat\/escolapablopicasso\/?p=2449"},"modified":"2016-01-19T15:40:01","modified_gmt":"2016-01-19T14:40:01","slug":"fem-cagar-el-tio-cicle-inicial","status":"publish","type":"post","link":"https:\/\/agora.xtec.cat\/escolapablopicasso\/general\/fem-cagar-el-tio-cicle-inicial\/","title":{"rendered":"Fem cagar el ti\u00f3. Cicle Inicial"},"content":{"rendered":"<p>El passat 22 de desembre els alumnes de Cicle Inicial van fer cagar el ti\u00f3. Mentres cantaven la can\u00e7\u00f3, li donaven garrotades ben fortes!!!! Aqu\u00ed en teniu una petita mostra:<\/p>\n<p><iframe loading=\"lazy\" src=\"\/\/www.youtube.com\/embed\/CXRNNjkt6hs\" width=\"425\" height=\"350\"><\/iframe><\/p>\n","protected":false},"excerpt":{"rendered":"<p>El passat 22 de desembre els alumnes de Cicle Inicial van fer cagar el ti\u00f3. Mentres cantaven la can\u00e7\u00f3, li donaven garrotades ben fortes!!!! Aqu\u00ed en teniu una petita mostra:<\/p>\n","protected":false},"author":5,"featured_media":0,"comment_status":"open","ping_status":"open","sticky":false,"template":"","format":"standard","meta":{"_bbp_topic_count":0,"_bbp_reply_count":0,"_bbp_total_topic_count":0,"_bbp_total_reply_count":0,"_bbp_voice_count":0,"_bbp_anonymous_reply_count":0,"_bbp_topic_count_hidden":0,"_bbp_reply_count_hidden":0,"_bbp_forum_subforum_count":0,"footnotes":""},"categories":[10,11,23,1,4],"tags":[],"class_list":["post-2449","post","type-post","status-publish","format-standard","hentry","category-1r","category-2n","category-nadal","category-general","category-portada"],"post_mailing_queue_ids":[],"_links":{"self":[{"href":"https:\/\/agora.xtec.cat\/escolapablopicasso\/wp-json\/wp\/v2\/posts\/2449","targetHints":{"allow":["GET"]}}],"collection":[{"href":"https:\/\/agora.xtec.cat\/escolapablopicasso\/wp-json\/wp\/v2\/posts"}],"about":[{"href":"https:\/\/agora.xtec.cat\/escolapablopicasso\/wp-json\/wp\/v2\/types\/post"}],"author":[{"embeddable":true,"href":"https:\/\/agora.xtec.cat\/escolapablopicasso\/wp-json\/wp\/v2\/users\/5"}],"replies":[{"embeddable":true,"href":"https:\/\/agora.xtec.cat\/escolapablopicasso\/wp-json\/wp\/v2\/comments?post=2449"}],"version-history":[{"count":3,"href":"https:\/\/agora.xtec.cat\/escolapablopicasso\/wp-json\/wp\/v2\/posts\/2449\/revisions"}],"predecessor-version":[{"id":2459,"href":"https:\/\/agora.xtec.cat\/escolapablopicasso\/wp-json\/wp\/v2\/posts\/2449\/revisions\/2459"}],"wp:attachment":[{"href":"https:\/\/agora.xtec.cat\/escolapablopicasso\/wp-json\/wp\/v2\/media?parent=2449"}],"wp:term":[{"taxonomy":"category","embeddable":true,"href":"https:\/\/agora.xtec.cat\/escolapablopicasso\/wp-json\/wp\/v2\/categories?post=2449"},{"taxonomy":"post_tag","embeddable":true,"href":"https:\/\/agora.xtec.cat\/escolapablopicasso\/wp-json\/wp\/v2\/tags?post=2449"}],"curies":[{"name":"wp","href":"https:\/\/api.w.org\/{rel}","templated":true}]}}