{"id":2438,"date":"2015-12-11T16:41:45","date_gmt":"2015-12-11T15:41:45","guid":{"rendered":"http:\/\/agora.xtec.cat\/escolapablopicasso\/?p=2438"},"modified":"2015-12-11T16:41:45","modified_gmt":"2015-12-11T15:41:45","slug":"albums-il%c2%b7lustrats-a-la-biblioteca-municipal","status":"publish","type":"post","link":"https:\/\/agora.xtec.cat\/escolapablopicasso\/general\/albums-il%c2%b7lustrats-a-la-biblioteca-municipal\/","title":{"rendered":"\u00c0lbums il\u00b7lustrats a la Biblioteca Municipal!"},"content":{"rendered":"<p>A la Biblioteca Esteve Paluzie de Barber\u00e0 del Vall\u00e8s, a partir del mes de gener de 2016 a trav\u00e9s del Club de Lectura Infantil es proposar\u00e0\u00a0una iniciativa d\u2019animaci\u00f3 i foment de la lectura a trav\u00e9s dels \u00e0lbums il\u00b7lustrats que convida als infants a partir de 7 anys principalment, per\u00f2 tamb\u00e9 a les fam\u00edlies a con\u00e8ixer conjuntament que la il\u00b7lustraci\u00f3 -al igual que el text- \u00e9s un llenguatge que s\u2019ha d\u2019aprendre a descodificar i que ens narra una hist\u00f2ria.<\/p>\n<p>A trav\u00e9s dels \u00e0lbums il\u00b7lustrats escollits per aquest fi aprendrem a trav\u00e9s de les imatges a relacionar i trobar missatges paral\u00b7lels, a interpretar per trobar el sentit del que veiem, a comprendre i preguntar, a con\u00e8ixer elements culturals de l\u2019art, la hist\u00f2ria, els costums&#8230; i transformar-nos intel\u00b7lectualment, per\u00f2 sobretot a compartir complicitats, detalls i mirades. Finalment, i durant les sessions presencials, es desenvoluparan i es proposaran als participants posar en pr\u00e0ctica la lectura de la imatge amb diverses activitats per posar de manifest principalment l\u2019observaci\u00f3, la curiositat, la mem\u00f2ria, la creaci\u00f3 art\u00edstica, la imaginaci\u00f3 i la const\u00e0ncia de cadasc\u00fa.<\/p>\n<p>Nom\u00e9s cal formalitzar una inscripci\u00f3 a la Biblioteca.<\/p>\n","protected":false},"excerpt":{"rendered":"<p>A la Biblioteca Esteve Paluzie de Barber\u00e0 del Vall\u00e8s, a partir del mes de gener de 2016 a trav\u00e9s del Club de Lectura Infantil es proposar\u00e0\u00a0una iniciativa d\u2019animaci\u00f3 i foment de la lectura a trav\u00e9s dels \u00e0lbums il\u00b7lustrats que convida als infants a partir de&hellip;  <a href=\"https:\/\/agora.xtec.cat\/escolapablopicasso\/general\/albums-il%c2%b7lustrats-a-la-biblioteca-municipal\/\" title=\"Read \u00c0lbums il\u00b7lustrats a la Biblioteca Municipal!\">Llegeix m\u00e9s\u00bb<\/a><\/p>\n","protected":false},"author":1,"featured_media":0,"comment_status":"open","ping_status":"open","sticky":false,"template":"","format":"standard","meta":{"_bbp_topic_count":0,"_bbp_reply_count":0,"_bbp_total_topic_count":0,"_bbp_total_reply_count":0,"_bbp_voice_count":0,"_bbp_anonymous_reply_count":0,"_bbp_topic_count_hidden":0,"_bbp_reply_count_hidden":0,"_bbp_forum_subforum_count":0,"footnotes":""},"categories":[1,4],"tags":[],"class_list":["post-2438","post","type-post","status-publish","format-standard","hentry","category-general","category-portada"],"post_mailing_queue_ids":[],"_links":{"self":[{"href":"https:\/\/agora.xtec.cat\/escolapablopicasso\/wp-json\/wp\/v2\/posts\/2438","targetHints":{"allow":["GET"]}}],"collection":[{"href":"https:\/\/agora.xtec.cat\/escolapablopicasso\/wp-json\/wp\/v2\/posts"}],"about":[{"href":"https:\/\/agora.xtec.cat\/escolapablopicasso\/wp-json\/wp\/v2\/types\/post"}],"author":[{"embeddable":true,"href":"https:\/\/agora.xtec.cat\/escolapablopicasso\/wp-json\/wp\/v2\/users\/1"}],"replies":[{"embeddable":true,"href":"https:\/\/agora.xtec.cat\/escolapablopicasso\/wp-json\/wp\/v2\/comments?post=2438"}],"version-history":[{"count":1,"href":"https:\/\/agora.xtec.cat\/escolapablopicasso\/wp-json\/wp\/v2\/posts\/2438\/revisions"}],"predecessor-version":[{"id":2439,"href":"https:\/\/agora.xtec.cat\/escolapablopicasso\/wp-json\/wp\/v2\/posts\/2438\/revisions\/2439"}],"wp:attachment":[{"href":"https:\/\/agora.xtec.cat\/escolapablopicasso\/wp-json\/wp\/v2\/media?parent=2438"}],"wp:term":[{"taxonomy":"category","embeddable":true,"href":"https:\/\/agora.xtec.cat\/escolapablopicasso\/wp-json\/wp\/v2\/categories?post=2438"},{"taxonomy":"post_tag","embeddable":true,"href":"https:\/\/agora.xtec.cat\/escolapablopicasso\/wp-json\/wp\/v2\/tags?post=2438"}],"curies":[{"name":"wp","href":"https:\/\/api.w.org\/{rel}","templated":true}]}}