{"id":2408,"date":"2015-11-21T20:18:57","date_gmt":"2015-11-21T19:18:57","guid":{"rendered":"http:\/\/agora.xtec.cat\/escolapablopicasso\/?p=2408"},"modified":"2015-11-23T09:38:01","modified_gmt":"2015-11-23T08:38:01","slug":"i-jornada-bricoescola-2","status":"publish","type":"post","link":"https:\/\/agora.xtec.cat\/escolapablopicasso\/general\/i-jornada-bricoescola-2\/","title":{"rendered":"I Jornada Bricoescola!"},"content":{"rendered":"<p>Avui ha estat un dia fant\u00e0stic! Gr\u00e0cies a tots i totes hem pogut fer molt\u00edssimes coses! Quines ganes de gaudir-ho ara amb els nens i nenes de l&#8217;escola!<\/p>\n<p>Moltes gr\u00e0cies a tots i totes els pintors i pintores, juganers i juganeres, exploradors i exploradores, manetes, artistes i cuiners i cuineres! Sense vosaltres no hagu\u00e9s estat possible!<\/p>\n<p><iframe loading=\"lazy\" src=\"\/\/www.youtube.com\/embed\/s3doOsvS-d0\" width=\"425\" height=\"350\"><\/iframe><\/p>\n<h4>SI TENIU FOTOS D&#8217;AQUESTA JORNADA, SI US PLAU ENVIEU-NOS UN CORREU AMB LES FOTOS A LA SEG\u00dcENT ADRE\u00c7A: <a href=\"mailto:escolapablopicasso@gmail.com\">escolapablopicasso@gmail.com<\/a> I LES PENJAREM AL WEB! MOLTES GR\u00c0CIES!<\/h4>\n","protected":false},"excerpt":{"rendered":"<p>Avui ha estat un dia fant\u00e0stic! Gr\u00e0cies a tots i totes hem pogut fer molt\u00edssimes coses! Quines ganes de gaudir-ho ara amb els nens i nenes de l&#8217;escola!<br \/>\nMoltes gr\u00e0cies a tots i totes els pintors i pintores, juganers i juganeres, exploradors i exploradores, manetes, artistes&hellip;  <a href=\"https:\/\/agora.xtec.cat\/escolapablopicasso\/general\/i-jornada-bricoescola-2\/\" title=\"Read I Jornada Bricoescola!\">Llegeix m\u00e9s\u00bb<\/a><\/p>\n","protected":false},"author":1,"featured_media":0,"comment_status":"open","ping_status":"open","sticky":false,"template":"","format":"standard","meta":{"_bbp_topic_count":0,"_bbp_reply_count":0,"_bbp_total_topic_count":0,"_bbp_total_reply_count":0,"_bbp_voice_count":0,"_bbp_anonymous_reply_count":0,"_bbp_topic_count_hidden":0,"_bbp_reply_count_hidden":0,"_bbp_forum_subforum_count":0,"footnotes":""},"categories":[7,23,1,2,4,5],"tags":[],"class_list":["post-2408","post","type-post","status-publish","format-standard","hentry","category-ampa","category-nadal","category-general","category-infantil","category-portada","category-primaria"],"post_mailing_queue_ids":[],"_links":{"self":[{"href":"https:\/\/agora.xtec.cat\/escolapablopicasso\/wp-json\/wp\/v2\/posts\/2408","targetHints":{"allow":["GET"]}}],"collection":[{"href":"https:\/\/agora.xtec.cat\/escolapablopicasso\/wp-json\/wp\/v2\/posts"}],"about":[{"href":"https:\/\/agora.xtec.cat\/escolapablopicasso\/wp-json\/wp\/v2\/types\/post"}],"author":[{"embeddable":true,"href":"https:\/\/agora.xtec.cat\/escolapablopicasso\/wp-json\/wp\/v2\/users\/1"}],"replies":[{"embeddable":true,"href":"https:\/\/agora.xtec.cat\/escolapablopicasso\/wp-json\/wp\/v2\/comments?post=2408"}],"version-history":[{"count":3,"href":"https:\/\/agora.xtec.cat\/escolapablopicasso\/wp-json\/wp\/v2\/posts\/2408\/revisions"}],"predecessor-version":[{"id":2413,"href":"https:\/\/agora.xtec.cat\/escolapablopicasso\/wp-json\/wp\/v2\/posts\/2408\/revisions\/2413"}],"wp:attachment":[{"href":"https:\/\/agora.xtec.cat\/escolapablopicasso\/wp-json\/wp\/v2\/media?parent=2408"}],"wp:term":[{"taxonomy":"category","embeddable":true,"href":"https:\/\/agora.xtec.cat\/escolapablopicasso\/wp-json\/wp\/v2\/categories?post=2408"},{"taxonomy":"post_tag","embeddable":true,"href":"https:\/\/agora.xtec.cat\/escolapablopicasso\/wp-json\/wp\/v2\/tags?post=2408"}],"curies":[{"name":"wp","href":"https:\/\/api.w.org\/{rel}","templated":true}]}}