{"id":2395,"date":"2015-11-02T17:25:58","date_gmt":"2015-11-02T16:25:58","guid":{"rendered":"http:\/\/agora.xtec.cat\/escolapablopicasso\/?p=2395"},"modified":"2016-06-19T20:55:58","modified_gmt":"2016-06-19T19:55:58","slug":"la-castanyada-i-halloween","status":"publish","type":"post","link":"https:\/\/agora.xtec.cat\/escolapablopicasso\/general\/la-castanyada-i-halloween\/","title":{"rendered":"La castanyada i Halloween"},"content":{"rendered":"<p>El passat dia 30 vam celebrar la festa de la castanyada a l&#8217;escola. Al llarg de les setmanes pr\u00e8vies varem treballar a classe el proc\u00e9s d&#8217;elaboraci\u00f3 dels panellets i tamb\u00e9 vam fer creacions pl\u00e0stiques inspirades en la tardor. Una mostra significativa de tot el que es va fer va ser presentada en la tradicional exposici\u00f3 de tardor oberta a les fam\u00edlies. A la tarda, el cicle ens vam reunir al pati on vam poder berenar tots junts i assaborir els nostres panellets. Mmm n&#8217;hi havia per llepar-se&#8217;n els dits!<\/p>\n<p>Tamb\u00e9 des de l&#8217;\u00e0rea d&#8217;angl\u00e8s es va treballar la festa de halloween a nivell art\u00edstic i es va animar a tota la canalla de l&#8217;escola a participar en l&#8217;exposici\u00f3 de carbasses.&nbsp;N&#8217;hi havia molt\u00edssimes i totes i cada una eren especials.<\/p>\n<p><iframe loading=\"lazy\" title=\"Mi presentaci\u00f3n de diapositivas\" width=\"500\" height=\"281\" src=\"https:\/\/www.youtube.com\/embed\/KlpRfrjwnu8?feature=oembed\" frameborder=\"0\" allow=\"accelerometer; autoplay; clipboard-write; encrypted-media; gyroscope; picture-in-picture; web-share\" referrerpolicy=\"strict-origin-when-cross-origin\" allowfullscreen><\/iframe><\/p>\n<p>&nbsp;<\/p>\n<p>&nbsp;<\/p>\n","protected":false},"excerpt":{"rendered":"<p>El passat dia 30 vam celebrar la festa de la castanyada a l&#8217;escola. Al llarg de les setmanes pr\u00e8vies varem treballar a classe el proc\u00e9s d&#8217;elaboraci\u00f3 dels panellets i tamb\u00e9 vam fer creacions pl\u00e0stiques inspirades en la tardor. Una mostra significativa de tot el que&hellip;  <a href=\"https:\/\/agora.xtec.cat\/escolapablopicasso\/general\/la-castanyada-i-halloween\/\" title=\"Read La castanyada i Halloween\">Llegeix m\u00e9s\u00bb<\/a><\/p>\n","protected":false},"author":4,"featured_media":0,"comment_status":"open","ping_status":"open","sticky":false,"template":"","format":"standard","meta":{"_bbp_topic_count":0,"_bbp_reply_count":0,"_bbp_total_topic_count":0,"_bbp_total_reply_count":0,"_bbp_voice_count":0,"_bbp_anonymous_reply_count":0,"_bbp_topic_count_hidden":0,"_bbp_reply_count_hidden":0,"_bbp_forum_subforum_count":0,"footnotes":""},"categories":[12,23,1,4,5],"tags":[],"class_list":["post-2395","post","type-post","status-publish","format-standard","hentry","category-3r","category-nadal","category-general","category-portada","category-primaria"],"post_mailing_queue_ids":[],"_links":{"self":[{"href":"https:\/\/agora.xtec.cat\/escolapablopicasso\/wp-json\/wp\/v2\/posts\/2395","targetHints":{"allow":["GET"]}}],"collection":[{"href":"https:\/\/agora.xtec.cat\/escolapablopicasso\/wp-json\/wp\/v2\/posts"}],"about":[{"href":"https:\/\/agora.xtec.cat\/escolapablopicasso\/wp-json\/wp\/v2\/types\/post"}],"author":[{"embeddable":true,"href":"https:\/\/agora.xtec.cat\/escolapablopicasso\/wp-json\/wp\/v2\/users\/4"}],"replies":[{"embeddable":true,"href":"https:\/\/agora.xtec.cat\/escolapablopicasso\/wp-json\/wp\/v2\/comments?post=2395"}],"version-history":[{"count":3,"href":"https:\/\/agora.xtec.cat\/escolapablopicasso\/wp-json\/wp\/v2\/posts\/2395\/revisions"}],"predecessor-version":[{"id":2434,"href":"https:\/\/agora.xtec.cat\/escolapablopicasso\/wp-json\/wp\/v2\/posts\/2395\/revisions\/2434"}],"wp:attachment":[{"href":"https:\/\/agora.xtec.cat\/escolapablopicasso\/wp-json\/wp\/v2\/media?parent=2395"}],"wp:term":[{"taxonomy":"category","embeddable":true,"href":"https:\/\/agora.xtec.cat\/escolapablopicasso\/wp-json\/wp\/v2\/categories?post=2395"},{"taxonomy":"post_tag","embeddable":true,"href":"https:\/\/agora.xtec.cat\/escolapablopicasso\/wp-json\/wp\/v2\/tags?post=2395"}],"curies":[{"name":"wp","href":"https:\/\/api.w.org\/{rel}","templated":true}]}}