{"id":2385,"date":"2015-11-13T20:04:53","date_gmt":"2015-11-13T19:04:53","guid":{"rendered":"http:\/\/agora.xtec.cat\/escolapablopicasso\/?p=2385"},"modified":"2015-11-18T14:48:41","modified_gmt":"2015-11-18T13:48:41","slug":"cavalcada-de-reis","status":"publish","type":"post","link":"https:\/\/agora.xtec.cat\/escolapablopicasso\/general\/cavalcada-de-reis\/","title":{"rendered":"Cavalcada de Reis"},"content":{"rendered":"<p>Aquest any l&#8217;<strong>AMPA<\/strong> participa a la <strong>Cavalcada de Reis de Barber\u00e0 del Vall\u00e8s<\/strong> i acompanya als Reis d&#8217;Orient fins a la Pla\u00e7a de la Vila el proper dia 5 de gener de 2016.<\/p>\n<p>Si vols participar a la cavalcada, nom\u00e9s cal que ho comuniquis a l&#8217;AMPA o al teu delegat\/da abans de del divendres, 20 de novembre de 2015.<\/p>\n<p>Hi haur\u00e0 una reuni\u00f3 on es parlar\u00e0 de l&#8217;organitzaci\u00f3 i dels preparatius el 27 de novembre de 2015 a les 16:30h.<\/p>\n<h3 style=\"text-align: center;\">Animeu-vos que \u00e9s un dia molt especial!<\/h3>\n<p><img loading=\"lazy\" decoding=\"async\" class=\" aligncenter\" src=\"http:\/\/www.motor.cat\/wp-content\/uploads\/3-reis.jpg\" alt=\"\" width=\"514\" height=\"192\" \/><\/p>\n","protected":false},"excerpt":{"rendered":"<p>Aquest any l&#8217;AMPA participa a la Cavalcada de Reis de Barber\u00e0 del Vall\u00e8s i acompanya als Reis d&#8217;Orient fins a la Pla\u00e7a de la Vila el proper dia 5 de gener de 2016.<br \/>\nSi vols participar a la cavalcada, nom\u00e9s cal que ho comuniquis a l&#8217;AMPA&hellip;  <a href=\"https:\/\/agora.xtec.cat\/escolapablopicasso\/general\/cavalcada-de-reis\/\" title=\"Read Cavalcada de Reis\">Llegeix m\u00e9s\u00bb<\/a><\/p>\n","protected":false},"author":1,"featured_media":0,"comment_status":"open","ping_status":"open","sticky":false,"template":"","format":"standard","meta":{"_bbp_topic_count":0,"_bbp_reply_count":0,"_bbp_total_topic_count":0,"_bbp_total_reply_count":0,"_bbp_voice_count":0,"_bbp_anonymous_reply_count":0,"_bbp_topic_count_hidden":0,"_bbp_reply_count_hidden":0,"_bbp_forum_subforum_count":0,"footnotes":""},"categories":[7,1,2,4,5],"tags":[],"class_list":["post-2385","post","type-post","status-publish","format-standard","hentry","category-ampa","category-general","category-infantil","category-portada","category-primaria"],"post_mailing_queue_ids":[],"_links":{"self":[{"href":"https:\/\/agora.xtec.cat\/escolapablopicasso\/wp-json\/wp\/v2\/posts\/2385","targetHints":{"allow":["GET"]}}],"collection":[{"href":"https:\/\/agora.xtec.cat\/escolapablopicasso\/wp-json\/wp\/v2\/posts"}],"about":[{"href":"https:\/\/agora.xtec.cat\/escolapablopicasso\/wp-json\/wp\/v2\/types\/post"}],"author":[{"embeddable":true,"href":"https:\/\/agora.xtec.cat\/escolapablopicasso\/wp-json\/wp\/v2\/users\/1"}],"replies":[{"embeddable":true,"href":"https:\/\/agora.xtec.cat\/escolapablopicasso\/wp-json\/wp\/v2\/comments?post=2385"}],"version-history":[{"count":2,"href":"https:\/\/agora.xtec.cat\/escolapablopicasso\/wp-json\/wp\/v2\/posts\/2385\/revisions"}],"predecessor-version":[{"id":2403,"href":"https:\/\/agora.xtec.cat\/escolapablopicasso\/wp-json\/wp\/v2\/posts\/2385\/revisions\/2403"}],"wp:attachment":[{"href":"https:\/\/agora.xtec.cat\/escolapablopicasso\/wp-json\/wp\/v2\/media?parent=2385"}],"wp:term":[{"taxonomy":"category","embeddable":true,"href":"https:\/\/agora.xtec.cat\/escolapablopicasso\/wp-json\/wp\/v2\/categories?post=2385"},{"taxonomy":"post_tag","embeddable":true,"href":"https:\/\/agora.xtec.cat\/escolapablopicasso\/wp-json\/wp\/v2\/tags?post=2385"}],"curies":[{"name":"wp","href":"https:\/\/api.w.org\/{rel}","templated":true}]}}