{"id":2370,"date":"2015-11-05T13:20:48","date_gmt":"2015-11-05T12:20:48","guid":{"rendered":"http:\/\/agora.xtec.cat\/escolapablopicasso\/?p=2370"},"modified":"2016-06-19T20:55:50","modified_gmt":"2016-06-19T19:55:50","slug":"la-verema-a-can-montcau-segon","status":"publish","type":"post","link":"https:\/\/agora.xtec.cat\/escolapablopicasso\/general\/la-verema-a-can-montcau-segon\/","title":{"rendered":"La verema a Can Montcau. Segon"},"content":{"rendered":"<p>El passat 28 de setembre, els alumnes de segon vam anar a Can Montcau (La Roca del Vall\u00e8s)<\/p>\n<p>All\u00e0 vam aprendre una miqueta m\u00e9s sobre la verema. Aqu\u00ed en teniu una petita mostra:<\/p>\n<p><iframe loading=\"lazy\" src=\"\/\/www.youtube.com\/embed\/UzWalAJTOuI\" width=\"425\" height=\"350\"><\/iframe><\/p>\n<p><iframe loading=\"lazy\" src=\"\/\/www.youtube.com\/embed\/qIkDnt7EAMg\" width=\"425\" height=\"350\"><\/iframe><\/p>\n","protected":false},"excerpt":{"rendered":"<p>El passat 28 de setembre, els alumnes de segon vam anar a Can Montcau (La Roca del Vall\u00e8s)<br \/>\nAll\u00e0 vam aprendre una miqueta m\u00e9s sobre la verema. Aqu\u00ed en teniu una petita mostra:<\/p>\n","protected":false},"author":5,"featured_media":0,"comment_status":"open","ping_status":"open","sticky":false,"template":"","format":"standard","meta":{"_bbp_topic_count":0,"_bbp_reply_count":0,"_bbp_total_topic_count":0,"_bbp_total_reply_count":0,"_bbp_voice_count":0,"_bbp_anonymous_reply_count":0,"_bbp_topic_count_hidden":0,"_bbp_reply_count_hidden":0,"_bbp_forum_subforum_count":0,"footnotes":""},"categories":[11,1,4,5,30],"tags":[],"class_list":["post-2370","post","type-post","status-publish","format-standard","hentry","category-2n","category-general","category-portada","category-primaria","category-sortides"],"post_mailing_queue_ids":[],"_links":{"self":[{"href":"https:\/\/agora.xtec.cat\/escolapablopicasso\/wp-json\/wp\/v2\/posts\/2370","targetHints":{"allow":["GET"]}}],"collection":[{"href":"https:\/\/agora.xtec.cat\/escolapablopicasso\/wp-json\/wp\/v2\/posts"}],"about":[{"href":"https:\/\/agora.xtec.cat\/escolapablopicasso\/wp-json\/wp\/v2\/types\/post"}],"author":[{"embeddable":true,"href":"https:\/\/agora.xtec.cat\/escolapablopicasso\/wp-json\/wp\/v2\/users\/5"}],"replies":[{"embeddable":true,"href":"https:\/\/agora.xtec.cat\/escolapablopicasso\/wp-json\/wp\/v2\/comments?post=2370"}],"version-history":[{"count":4,"href":"https:\/\/agora.xtec.cat\/escolapablopicasso\/wp-json\/wp\/v2\/posts\/2370\/revisions"}],"predecessor-version":[{"id":2384,"href":"https:\/\/agora.xtec.cat\/escolapablopicasso\/wp-json\/wp\/v2\/posts\/2370\/revisions\/2384"}],"wp:attachment":[{"href":"https:\/\/agora.xtec.cat\/escolapablopicasso\/wp-json\/wp\/v2\/media?parent=2370"}],"wp:term":[{"taxonomy":"category","embeddable":true,"href":"https:\/\/agora.xtec.cat\/escolapablopicasso\/wp-json\/wp\/v2\/categories?post=2370"},{"taxonomy":"post_tag","embeddable":true,"href":"https:\/\/agora.xtec.cat\/escolapablopicasso\/wp-json\/wp\/v2\/tags?post=2370"}],"curies":[{"name":"wp","href":"https:\/\/api.w.org\/{rel}","templated":true}]}}