{"id":2347,"date":"2015-11-05T16:37:58","date_gmt":"2015-11-05T15:37:58","guid":{"rendered":"http:\/\/agora.xtec.cat\/escolapablopicasso\/?p=2347"},"modified":"2015-11-04T19:53:37","modified_gmt":"2015-11-04T18:53:37","slug":"i-jornada-bricoescola","status":"publish","type":"post","link":"https:\/\/agora.xtec.cat\/escolapablopicasso\/general\/i-jornada-bricoescola\/","title":{"rendered":"I JORNADA BRICOESCOLA!"},"content":{"rendered":"<p>El proper <strong>dissabte, 21 de novembre<\/strong> celebrarem\u00a0la <strong><u>1a trobada Bricoescola<\/u><\/strong> de 10.00h a 13.00h, un dia on se\u2019ns convida a tots\/es: pares, mares, mestres, nens i nenes a participar de forma activa a l\u2019escola per tal de posar-la ben maca, contribuint amb tasques de creaci\u00f3 i millora que s\u00f3n necess\u00e0ries per ampliar els jocs de pati.<\/p>\n<p><u>Tots aquests petits projectes seran viables depenent de la quantitat de gent que hi participem.<\/u><\/p>\n<p style=\"margin: 12px auto 6px auto; font-family: Helvetica,Arial,Sans-serif; font-style: normal; font-variant: normal; font-weight: normal; font-size: 14px; line-height: normal; font-size-adjust: none; font-stretch: normal; -x-system-font: none; display: block;\"><a style=\"text-decoration: underline;\" title=\"View D\u00edptic I Jornada Bricoescola on Scribd\" href=\"https:\/\/www.scribd.com\/doc\/288517158\/Diptic-I-Jornada-Bricoescola?secret_password=fyRrq5rT31ogBNwEqlas\">D\u00edptic I Jornada Bricoescola<\/a><\/p>\n<p><iframe loading=\"lazy\" id=\"doc_74111\" class=\"scribd_iframe_embed\" src=\"https:\/\/www.scribd.com\/embeds\/288517158\/content?start_page=1&amp;view_mode=scroll&amp;access_key=key-wY0y48aC96pdWMr4Aezk&amp;show_recommendations=true\" width=\"100%\" height=\"600\" frameborder=\"0\" scrolling=\"no\" data-auto-height=\"false\" data-aspect-ratio=\"1.414442700156986\"><\/iframe><\/p>\n<p>Tots\/es aquells\/es que esteu interessats\/des, retorneu aquesta butlleta (que trobareu dins del d\u00edptic) a la tutora <u style=\"font-weight: bold;\">abans del divendres,\u00a0<\/u><strong><u>13 de novembre<\/u><\/strong>, per tal de planificar i organitzar les activitats d\u2019aquest dia.<\/p>\n<p style=\"margin: 12px auto 6px auto; font-family: Helvetica,Arial,Sans-serif; font-style: normal; font-variant: normal; font-weight: normal; font-size: 14px; line-height: normal; font-size-adjust: none; font-stretch: normal; -x-system-font: none; display: block;\"><a style=\"text-decoration: underline;\" title=\"View Butlleta confirmaci\u00f3 I Jornada Bricoescola 2015 on Scribd\" href=\"https:\/\/www.scribd.com\/doc\/288517231\/Butlleta-confirmacio-I-Jornada-Bricoescola-2015?secret_password=5wF0znbGLIKPaEQSz05n\">Butlleta confirmaci\u00f3 I Jornada Bricoescola 2015<\/a><\/p>\n<p><iframe loading=\"lazy\" id=\"doc_44734\" class=\"scribd_iframe_embed\" src=\"https:\/\/www.scribd.com\/embeds\/288517231\/content?start_page=1&amp;view_mode=scroll&amp;access_key=key-prfEkLNnXrwMeancMxpb&amp;show_recommendations=true\" width=\"100%\" height=\"600\" frameborder=\"0\" scrolling=\"no\" data-auto-height=\"false\" data-aspect-ratio=\"1.414442700156986\"><\/iframe><\/p>\n","protected":false},"excerpt":{"rendered":"<p>El proper dissabte, 21 de novembre celebrarem\u00a0la 1a trobada Bricoescola de 10.00h a 13.00h, un dia on se\u2019ns convida a tots\/es: pares, mares, mestres, nens i nenes a participar de forma activa a l\u2019escola per tal de posar-la ben maca, contribuint amb tasques de creaci\u00f3&hellip;  <a href=\"https:\/\/agora.xtec.cat\/escolapablopicasso\/general\/i-jornada-bricoescola\/\" title=\"Read I JORNADA BRICOESCOLA!\">Llegeix m\u00e9s\u00bb<\/a><\/p>\n","protected":false},"author":1,"featured_media":0,"comment_status":"open","ping_status":"open","sticky":false,"template":"","format":"standard","meta":{"_bbp_topic_count":0,"_bbp_reply_count":0,"_bbp_total_topic_count":0,"_bbp_total_reply_count":0,"_bbp_voice_count":0,"_bbp_anonymous_reply_count":0,"_bbp_topic_count_hidden":0,"_bbp_reply_count_hidden":0,"_bbp_forum_subforum_count":0,"footnotes":""},"categories":[7,1,2,4,5],"tags":[],"class_list":["post-2347","post","type-post","status-publish","format-standard","hentry","category-ampa","category-general","category-infantil","category-portada","category-primaria"],"post_mailing_queue_ids":[],"_links":{"self":[{"href":"https:\/\/agora.xtec.cat\/escolapablopicasso\/wp-json\/wp\/v2\/posts\/2347","targetHints":{"allow":["GET"]}}],"collection":[{"href":"https:\/\/agora.xtec.cat\/escolapablopicasso\/wp-json\/wp\/v2\/posts"}],"about":[{"href":"https:\/\/agora.xtec.cat\/escolapablopicasso\/wp-json\/wp\/v2\/types\/post"}],"author":[{"embeddable":true,"href":"https:\/\/agora.xtec.cat\/escolapablopicasso\/wp-json\/wp\/v2\/users\/1"}],"replies":[{"embeddable":true,"href":"https:\/\/agora.xtec.cat\/escolapablopicasso\/wp-json\/wp\/v2\/comments?post=2347"}],"version-history":[{"count":1,"href":"https:\/\/agora.xtec.cat\/escolapablopicasso\/wp-json\/wp\/v2\/posts\/2347\/revisions"}],"predecessor-version":[{"id":2348,"href":"https:\/\/agora.xtec.cat\/escolapablopicasso\/wp-json\/wp\/v2\/posts\/2347\/revisions\/2348"}],"wp:attachment":[{"href":"https:\/\/agora.xtec.cat\/escolapablopicasso\/wp-json\/wp\/v2\/media?parent=2347"}],"wp:term":[{"taxonomy":"category","embeddable":true,"href":"https:\/\/agora.xtec.cat\/escolapablopicasso\/wp-json\/wp\/v2\/categories?post=2347"},{"taxonomy":"post_tag","embeddable":true,"href":"https:\/\/agora.xtec.cat\/escolapablopicasso\/wp-json\/wp\/v2\/tags?post=2347"}],"curies":[{"name":"wp","href":"https:\/\/api.w.org\/{rel}","templated":true}]}}