{"id":2331,"date":"2015-10-26T13:13:32","date_gmt":"2015-10-26T12:13:32","guid":{"rendered":"http:\/\/agora.xtec.cat\/escolapablopicasso\/?p=2331"},"modified":"2016-06-19T20:56:38","modified_gmt":"2016-06-19T19:56:38","slug":"elaborem-panellets","status":"publish","type":"post","link":"https:\/\/agora.xtec.cat\/escolapablopicasso\/general\/elaborem-panellets\/","title":{"rendered":"Elaborem panellets!"},"content":{"rendered":"<p>Aquesta setmana en motiu de la tradicional celebraci\u00f3 de la castanyada, les nenes i els nens de cicle mitj\u00e0 han elaborat panellets. El panellet \u00e9s un dol\u00e7 t\u00edpic de Catalunya que es menja\u00a0per Tots Sants, juntament amb les castanyes i els moniatos. Per fer-los hem hagut de seguir la recepta i no oblidar-nos de cap dels ingredients com ara el sucre, el rovell o l&#8217;ametlla. Mmm ens han quedat bon\u00edssims! Els podreu veure\u00a0exposats el divendres 30.<\/p>\n<p><iframe loading=\"lazy\" title=\"Mi presentaci\u00f3n de diapositivas\" width=\"500\" height=\"281\" src=\"https:\/\/www.youtube.com\/embed\/TtCneVsTmW4?feature=oembed\" frameborder=\"0\" allow=\"accelerometer; autoplay; clipboard-write; encrypted-media; gyroscope; picture-in-picture; web-share\" referrerpolicy=\"strict-origin-when-cross-origin\" allowfullscreen><\/iframe><\/p>\n","protected":false},"excerpt":{"rendered":"<p>Aquesta setmana en motiu de la tradicional celebraci\u00f3 de la castanyada, les nenes i els nens de cicle mitj\u00e0 han elaborat panellets. El panellet \u00e9s un dol\u00e7 t\u00edpic de Catalunya que es menja\u00a0per Tots Sants, juntament amb les castanyes i els moniatos. Per fer-los hem&hellip;  <a href=\"https:\/\/agora.xtec.cat\/escolapablopicasso\/general\/elaborem-panellets\/\" title=\"Read Elaborem panellets!\">Llegeix m\u00e9s\u00bb<\/a><\/p>\n","protected":false},"author":4,"featured_media":0,"comment_status":"open","ping_status":"open","sticky":false,"template":"","format":"standard","meta":{"_bbp_topic_count":0,"_bbp_reply_count":0,"_bbp_total_topic_count":0,"_bbp_total_reply_count":0,"_bbp_voice_count":0,"_bbp_anonymous_reply_count":0,"_bbp_topic_count_hidden":0,"_bbp_reply_count_hidden":0,"_bbp_forum_subforum_count":0,"footnotes":""},"categories":[12,13,23,1,4,5,26],"tags":[],"class_list":["post-2331","post","type-post","status-publish","format-standard","hentry","category-3r","category-4t","category-nadal","category-general","category-portada","category-primaria","category-tallers"],"post_mailing_queue_ids":[],"_links":{"self":[{"href":"https:\/\/agora.xtec.cat\/escolapablopicasso\/wp-json\/wp\/v2\/posts\/2331","targetHints":{"allow":["GET"]}}],"collection":[{"href":"https:\/\/agora.xtec.cat\/escolapablopicasso\/wp-json\/wp\/v2\/posts"}],"about":[{"href":"https:\/\/agora.xtec.cat\/escolapablopicasso\/wp-json\/wp\/v2\/types\/post"}],"author":[{"embeddable":true,"href":"https:\/\/agora.xtec.cat\/escolapablopicasso\/wp-json\/wp\/v2\/users\/4"}],"replies":[{"embeddable":true,"href":"https:\/\/agora.xtec.cat\/escolapablopicasso\/wp-json\/wp\/v2\/comments?post=2331"}],"version-history":[{"count":2,"href":"https:\/\/agora.xtec.cat\/escolapablopicasso\/wp-json\/wp\/v2\/posts\/2331\/revisions"}],"predecessor-version":[{"id":2399,"href":"https:\/\/agora.xtec.cat\/escolapablopicasso\/wp-json\/wp\/v2\/posts\/2331\/revisions\/2399"}],"wp:attachment":[{"href":"https:\/\/agora.xtec.cat\/escolapablopicasso\/wp-json\/wp\/v2\/media?parent=2331"}],"wp:term":[{"taxonomy":"category","embeddable":true,"href":"https:\/\/agora.xtec.cat\/escolapablopicasso\/wp-json\/wp\/v2\/categories?post=2331"},{"taxonomy":"post_tag","embeddable":true,"href":"https:\/\/agora.xtec.cat\/escolapablopicasso\/wp-json\/wp\/v2\/tags?post=2331"}],"curies":[{"name":"wp","href":"https:\/\/api.w.org\/{rel}","templated":true}]}}