{"id":2321,"date":"2015-10-16T13:10:35","date_gmt":"2015-10-16T12:10:35","guid":{"rendered":"http:\/\/agora.xtec.cat\/escolapablopicasso\/?p=2321"},"modified":"2015-10-23T13:15:47","modified_gmt":"2015-10-23T12:15:47","slug":"halloween-pumpkins","status":"publish","type":"post","link":"https:\/\/agora.xtec.cat\/escolapablopicasso\/general\/halloween-pumpkins\/","title":{"rendered":"Halloween pumpkins!"},"content":{"rendered":"<p>HELLO KIDS!!!<\/p>\n<p>Falta molt poquet per HALLOWEEN i les mestres d&#8217;ENGLISH us volem convidar a participar en <strong><u>l\u2019exposici<\/u><\/strong><strong><u>\u00f3<\/u><\/strong><strong><u> de PUMPKINS<\/u><\/strong>.<\/p>\n<p>Les heu de decorar a casa i portar-les a l&#8217;escola, com a data l\u00edmit, el <strong><u>dijous 29 d&#8217;Octubre al mat\u00ed<\/u>. <\/strong><\/p>\n<p>Recordeu que poden ser terror\u00edfiques, divertides, originals&#8230;\u00a0La participaci\u00f3 \u00e9s volunt\u00e0ria.<\/p>\n<p>La PUMPKIN ha de tenir <strong><u>el nom i el curs en un lloc visible<\/u><\/strong><u>.\u00a0En el full taronja que us vam donar hi ha una etiqueta que podeu fer servir per posar el vostre nom i curs.<\/u><\/p>\n<p>Aquest any hi ha NOVETATS respecte a les bases per presentar una PUMPKIN:<\/p>\n<p>NO acceptarem:<\/p>\n<ol>\n<li>Carbasses fora de termini.<\/li>\n<li>Carbasses sense nom i curs.<\/li>\n<li>Carbasses en mal estat.<\/li>\n<\/ol>\n<p>&nbsp;<\/p>\n<p>Animeu-vos!!!!<\/p>\n<p>YOUR ENGLISH TEACHERS<\/p>\n<p><img loading=\"lazy\" decoding=\"async\" class=\" aligncenter\" src=\"http:\/\/gowith-theblog.com\/wp-content\/uploads\/2014\/10\/HALLOWEEN-Pumpkin-Citrouilles-Films-%C3%A0-voir-pour-Halloween-3-Go-with-the-Blog.jpg\" alt=\"\" width=\"343\" height=\"193\" \/><\/p>\n<p>&nbsp;<\/p>\n<p>&nbsp;<\/p>\n<p>&nbsp;<\/p>\n<p>&nbsp;<\/p>\n","protected":false},"excerpt":{"rendered":"<p>HELLO KIDS!!!<br \/>\nFalta molt poquet per HALLOWEEN i les mestres d&#8217;ENGLISH us volem convidar a participar en l\u2019exposici\u00f3 de PUMPKINS.<br \/>\nLes heu de decorar a casa i portar-les a l&#8217;escola, com a data l\u00edmit, el dijous 29 d&#8217;Octubre al mat\u00ed.<br \/>\nRecordeu que poden ser terror\u00edfiques, divertides, originals&#8230;\u00a0La&hellip;  <a href=\"https:\/\/agora.xtec.cat\/escolapablopicasso\/general\/halloween-pumpkins\/\" title=\"Read Halloween pumpkins!\">Llegeix m\u00e9s\u00bb<\/a><\/p>\n","protected":false},"author":1,"featured_media":0,"comment_status":"open","ping_status":"open","sticky":false,"template":"","format":"standard","meta":{"_bbp_topic_count":0,"_bbp_reply_count":0,"_bbp_total_topic_count":0,"_bbp_total_reply_count":0,"_bbp_voice_count":0,"_bbp_anonymous_reply_count":0,"_bbp_topic_count_hidden":0,"_bbp_reply_count_hidden":0,"_bbp_forum_subforum_count":0,"footnotes":""},"categories":[22,23,1,2,4,5],"tags":[],"class_list":["post-2321","post","type-post","status-publish","format-standard","hentry","category-angles","category-nadal","category-general","category-infantil","category-portada","category-primaria"],"post_mailing_queue_ids":[],"_links":{"self":[{"href":"https:\/\/agora.xtec.cat\/escolapablopicasso\/wp-json\/wp\/v2\/posts\/2321","targetHints":{"allow":["GET"]}}],"collection":[{"href":"https:\/\/agora.xtec.cat\/escolapablopicasso\/wp-json\/wp\/v2\/posts"}],"about":[{"href":"https:\/\/agora.xtec.cat\/escolapablopicasso\/wp-json\/wp\/v2\/types\/post"}],"author":[{"embeddable":true,"href":"https:\/\/agora.xtec.cat\/escolapablopicasso\/wp-json\/wp\/v2\/users\/1"}],"replies":[{"embeddable":true,"href":"https:\/\/agora.xtec.cat\/escolapablopicasso\/wp-json\/wp\/v2\/comments?post=2321"}],"version-history":[{"count":1,"href":"https:\/\/agora.xtec.cat\/escolapablopicasso\/wp-json\/wp\/v2\/posts\/2321\/revisions"}],"predecessor-version":[{"id":2322,"href":"https:\/\/agora.xtec.cat\/escolapablopicasso\/wp-json\/wp\/v2\/posts\/2321\/revisions\/2322"}],"wp:attachment":[{"href":"https:\/\/agora.xtec.cat\/escolapablopicasso\/wp-json\/wp\/v2\/media?parent=2321"}],"wp:term":[{"taxonomy":"category","embeddable":true,"href":"https:\/\/agora.xtec.cat\/escolapablopicasso\/wp-json\/wp\/v2\/categories?post=2321"},{"taxonomy":"post_tag","embeddable":true,"href":"https:\/\/agora.xtec.cat\/escolapablopicasso\/wp-json\/wp\/v2\/tags?post=2321"}],"curies":[{"name":"wp","href":"https:\/\/api.w.org\/{rel}","templated":true}]}}