{"id":2318,"date":"2015-10-16T17:47:06","date_gmt":"2015-10-16T16:47:06","guid":{"rendered":"http:\/\/agora.xtec.cat\/escolapablopicasso\/?p=2318"},"modified":"2015-10-23T13:16:34","modified_gmt":"2015-10-23T12:16:34","slug":"comenca-el-primer-curs-del-projecte-lecxit-a-lescola-pablo-picasso","status":"publish","type":"post","link":"https:\/\/agora.xtec.cat\/escolapablopicasso\/general\/comenca-el-primer-curs-del-projecte-lecxit-a-lescola-pablo-picasso\/","title":{"rendered":"Comen\u00e7a el primer curs del projecte LECXIT a l&#8217;Escola Pablo Picasso"},"content":{"rendered":"<div class=\"field field-name-field-fecha field-type-datetime field-label-hidden grid-5 alpha omega field-wrapper\">\n<div class=\"field-items\">\n<div class=\"field-item even\">Diari de Barber\u00e0 del Vall\u00e8s<\/div>\n<div class=\"field-item even\">(<a href=\"http:\/\/www.bdv.cat\/noticies\/comenca-el-primer-curs-del-projecte-lecxit-lescola-pablo-picasso\" target=\"_blank\">podeu veure la not\u00edcia aqu\u00ed<\/a>)<\/div>\n<div class=\"field-item even\"><span class=\"date-display-single\">16\/10\/2015 &#8211; 14:15<\/span><\/div>\n<div class=\"field-item even\">\n<hr \/>\n<\/div>\n<\/div>\n<\/div>\n<div class=\"field field-name-body field-type-text-with-summary field-label-hidden field-wrapper\">\n<div class=\"field-items\">\n<div class=\"field-item even\">\n<p align=\"center\"><strong><em><a href=\"http:\/\/www.fbofill.cat\/projectes\/lecxit\" target=\"_blank\">El projecte LECXIT (m\u00e9s info)<\/a>, promogut per la Fundaci\u00f3 Jaume Bofill, treballa per millorar la comprensi\u00f3lectora dels infants involucrant escoles, fam\u00edlies, entitats, AMPAS i voluntariat.<\/em><\/strong><\/p>\n<p>Ahir, dijous, 15 d&#8217;octubre la <strong>Biblioteca Esteve Paluzie de Barber\u00e0 del Vall\u00e8s<\/strong> va acollir la <strong>presentaci\u00f3 de les persones que formen part del <\/strong><strong>LECXIT, <\/strong><strong>Lectura per a l\u2019\u00e8xit educatiu<\/strong><strong>, u<\/strong>n projecte per millorar la compressi\u00f3 lectora dels infants de Barber\u00e0 del Vall\u00e8s.<\/p>\n<p>Durant l&#8217;acte es va presentar les parelles de lectura amb fam\u00edlies, infants i persones volunt\u00e0ries que col\u00b7laboren.<\/p>\n<p>En la presentaci\u00f3 la <strong>Directora de l&#8217;Escola Pablo Picasso de Barber\u00e0, Olga Egea Garc\u00eda, es va dirigir a les fam\u00edlies i persones volunt\u00e0ries explicant la import\u00e0ncia d&#8217;aquest projecte en la compressi\u00f3 i els h\u00e0bits lectors dels infants<\/strong>\u00a0 i va posar en valor la tasca desinteressada d&#8217;aquelles persones que dediquen una hora a la setmana a la millora de l&#8217;escolaritat de nens i nenes de la ciutat.<\/p>\n<p>Olga Egea, ha fet una aposta decidida per aquest projecte, ja que s\u00f3n molts els beneficis que poden obtenir els infants del centre educatiu. Destacar que ja el curs passat l&#8217;escola va acollir la prova pilot de LECXIT, que va ser valorat molt positivament.<\/p>\n<p>Les persones volunt\u00e0ries que participaran enguany en el LECXIT van poder aprofundir m\u00e9s en el projecte en una sessi\u00f3 realitzada el passat 8 d&#8217;octubre a la Biblioteca Esteve Paluzie. Durant aquesta jornada es va realitzar una <strong>presentaci\u00f3 on van participar les volunt\u00e0ries de la prova pilot les quals van donar a con\u00e8ixer la seva experi\u00e8ncia viscuda, a les noves volunt\u00e0ries<\/strong>. Tanmateix es va realitzar una <strong>formaci\u00f3 desenvolupada per l&#8217;assessora de Llengua i Cultura de la Generalitat de Catalunya, Sara Ortega.<\/strong><\/p>\n<p>El LECXIT \u00e9s una iniciativa de la Fundaci\u00f3 Jaume Bofill, amb la col\u00b7laboraci\u00f3 de La Caixa. L\u2019SCAI, Servei Ciutad\u00e0 d\u2019Acolliment a l\u2019Immigrant, \u00e9s l&#8217;entitat responsable del projecte a Barber\u00e0 del Vall\u00e8s.<\/p>\n<p>L\u2019activitat consisteix en un <strong>espai de lectura<\/strong> on alumnes de 4t a 6\u00e8 de prim\u00e0ria de l&#8217;<strong>Escola Pablo Picasso<\/strong> <strong>comparteixen amb persones volunt\u00e0ries moments de conversa i de lectura que els ajudaran a consolidar els seus aprenentatges<\/strong>. Les sessions de lectura s\u00f3n els\u00a0<strong>dijous <\/strong>de <strong>16.30 a 17.45h<\/strong> a la <strong>Biblioteca Esteve Paluzie<\/strong>.<\/p>\n<p>L&#8217;Ajuntament de Barber\u00e0 del Vall\u00e8s treballa de forma transversal des de l&#8217;any 2014 el LECXIT mitjan\u00e7ant el Pla Educatiu d&#8217;Entorn i el Punt de Voluntariat. El projecte \u00e9s gratu\u00eft i est\u00e0 obert a tots els centres educatius de prim\u00e0ria de Barber\u00e0 del Vall\u00e8s aix\u00ed com a totes les AMPAS que el vulguin acollir.<\/p>\n<hr \/>\n<p>&nbsp;<\/p>\n<\/div>\n<\/div>\n<\/div>\n<p><img decoding=\"async\" class=\" aligncenter\" src=\"http:\/\/www.bdv.cat\/sites\/default\/files\/styles\/list_a_custom_user_wide_1x\/public\/common\/Voluntariat\/imatge_025.jpg?itok=kjjX6Fzl\" alt=\"Sessi\u00f3 presentaci\u00f3 de les persones que formen part del LECXIT del 15 d'octubre\" \/><\/p>\n","protected":false},"excerpt":{"rendered":"<p>Diari de Barber\u00e0 del Vall\u00e8s<br \/>\n(<a href=\"http:\/\/www.bdv.cat\/noticies\/comenca-el-primer-curs-del-projecte-lecxit-lescola-pablo-picasso\" target=\"_blank\">podeu veure la not\u00edcia aqu\u00ed<\/a>)<br \/>\n16\/10\/2015 &#8211; 14:15<\/p>\n<p><a href=\"http:\/\/www.fbofill.cat\/projectes\/lecxit\" target=\"_blank\">El projecte LECXIT (m\u00e9s info)<\/a>, promogut per la Fundaci\u00f3 Jaume Bofill, treballa per millorar la comprensi\u00f3lectora dels infants involucrant escoles, fam\u00edlies, entitats, AMPAS i voluntariat.<br \/>\nAhir, dijous, 15 d&#8217;octubre la Biblioteca Esteve&hellip;  <a href=\"https:\/\/agora.xtec.cat\/escolapablopicasso\/general\/comenca-el-primer-curs-del-projecte-lecxit-a-lescola-pablo-picasso\/\" title=\"Read Comen\u00e7a el primer curs del projecte LECXIT a l&#8217;Escola Pablo Picasso\">Llegeix m\u00e9s\u00bb<\/a><\/p>\n","protected":false},"author":1,"featured_media":0,"comment_status":"open","ping_status":"open","sticky":false,"template":"","format":"standard","meta":{"_bbp_topic_count":0,"_bbp_reply_count":0,"_bbp_total_topic_count":0,"_bbp_total_reply_count":0,"_bbp_voice_count":0,"_bbp_anonymous_reply_count":0,"_bbp_topic_count_hidden":0,"_bbp_reply_count_hidden":0,"_bbp_forum_subforum_count":0,"footnotes":""},"categories":[1,4,5],"tags":[],"class_list":["post-2318","post","type-post","status-publish","format-standard","hentry","category-general","category-portada","category-primaria"],"post_mailing_queue_ids":[],"_links":{"self":[{"href":"https:\/\/agora.xtec.cat\/escolapablopicasso\/wp-json\/wp\/v2\/posts\/2318","targetHints":{"allow":["GET"]}}],"collection":[{"href":"https:\/\/agora.xtec.cat\/escolapablopicasso\/wp-json\/wp\/v2\/posts"}],"about":[{"href":"https:\/\/agora.xtec.cat\/escolapablopicasso\/wp-json\/wp\/v2\/types\/post"}],"author":[{"embeddable":true,"href":"https:\/\/agora.xtec.cat\/escolapablopicasso\/wp-json\/wp\/v2\/users\/1"}],"replies":[{"embeddable":true,"href":"https:\/\/agora.xtec.cat\/escolapablopicasso\/wp-json\/wp\/v2\/comments?post=2318"}],"version-history":[{"count":3,"href":"https:\/\/agora.xtec.cat\/escolapablopicasso\/wp-json\/wp\/v2\/posts\/2318\/revisions"}],"predecessor-version":[{"id":2323,"href":"https:\/\/agora.xtec.cat\/escolapablopicasso\/wp-json\/wp\/v2\/posts\/2318\/revisions\/2323"}],"wp:attachment":[{"href":"https:\/\/agora.xtec.cat\/escolapablopicasso\/wp-json\/wp\/v2\/media?parent=2318"}],"wp:term":[{"taxonomy":"category","embeddable":true,"href":"https:\/\/agora.xtec.cat\/escolapablopicasso\/wp-json\/wp\/v2\/categories?post=2318"},{"taxonomy":"post_tag","embeddable":true,"href":"https:\/\/agora.xtec.cat\/escolapablopicasso\/wp-json\/wp\/v2\/tags?post=2318"}],"curies":[{"name":"wp","href":"https:\/\/api.w.org\/{rel}","templated":true}]}}