{"id":2314,"date":"2015-10-20T17:03:19","date_gmt":"2015-10-20T16:03:19","guid":{"rendered":"http:\/\/agora.xtec.cat\/escolapablopicasso\/?p=2314"},"modified":"2015-10-22T16:06:59","modified_gmt":"2015-10-22T15:06:59","slug":"representacio-de-contes-a-p3-per-families","status":"publish","type":"post","link":"https:\/\/agora.xtec.cat\/escolapablopicasso\/general\/representacio-de-contes-a-p3-per-families\/","title":{"rendered":"Representaci\u00f3 de contes a P3 per fam\u00edlies!"},"content":{"rendered":"<p>Voleu entrar a representar contes als vostres fills i filles a P3? S\u00ed, doncs\u00a0busqueu\u00a0a la porta de la vostra classe de P3 aquest full i apunteu-vos! Vinga, animeu-vos! Ser\u00e0 molt divertit!<\/p>\n<p><img loading=\"lazy\" decoding=\"async\" class=\"alignnone size-full wp-image-2315\" src=\"http:\/\/agora.xtec.cat\/escolapablopicasso\/wp-content\/uploads\/usu295\/2015\/10\/IMG_7627-Small.jpg\" alt=\"IMG_7627 (Small)\" width=\"640\" height=\"480\" srcset=\"https:\/\/agora.xtec.cat\/escolapablopicasso\/wp-content\/uploads\/usu295\/2015\/10\/IMG_7627-Small.jpg 640w, https:\/\/agora.xtec.cat\/escolapablopicasso\/wp-content\/uploads\/usu295\/2015\/10\/IMG_7627-Small-300x225.jpg 300w, https:\/\/agora.xtec.cat\/escolapablopicasso\/wp-content\/uploads\/usu295\/2015\/10\/IMG_7627-Small-200x150.jpg 200w\" sizes=\"auto, (max-width: 640px) 100vw, 640px\" \/><\/p>\n","protected":false},"excerpt":{"rendered":"<p>Voleu entrar a representar contes als vostres fills i filles a P3? S\u00ed, doncs\u00a0busqueu\u00a0a la porta de la vostra classe de P3 aquest full i apunteu-vos! Vinga, animeu-vos! Ser\u00e0 molt divertit!<\/p>\n","protected":false},"author":1,"featured_media":0,"comment_status":"open","ping_status":"open","sticky":false,"template":"","format":"standard","meta":{"_bbp_topic_count":0,"_bbp_reply_count":0,"_bbp_total_topic_count":0,"_bbp_total_reply_count":0,"_bbp_voice_count":0,"_bbp_anonymous_reply_count":0,"_bbp_topic_count_hidden":0,"_bbp_reply_count_hidden":0,"_bbp_forum_subforum_count":0,"footnotes":""},"categories":[1,3,2,4],"tags":[],"class_list":["post-2314","post","type-post","status-publish","format-standard","hentry","category-general","category-i3","category-infantil","category-portada"],"post_mailing_queue_ids":[],"_links":{"self":[{"href":"https:\/\/agora.xtec.cat\/escolapablopicasso\/wp-json\/wp\/v2\/posts\/2314","targetHints":{"allow":["GET"]}}],"collection":[{"href":"https:\/\/agora.xtec.cat\/escolapablopicasso\/wp-json\/wp\/v2\/posts"}],"about":[{"href":"https:\/\/agora.xtec.cat\/escolapablopicasso\/wp-json\/wp\/v2\/types\/post"}],"author":[{"embeddable":true,"href":"https:\/\/agora.xtec.cat\/escolapablopicasso\/wp-json\/wp\/v2\/users\/1"}],"replies":[{"embeddable":true,"href":"https:\/\/agora.xtec.cat\/escolapablopicasso\/wp-json\/wp\/v2\/comments?post=2314"}],"version-history":[{"count":2,"href":"https:\/\/agora.xtec.cat\/escolapablopicasso\/wp-json\/wp\/v2\/posts\/2314\/revisions"}],"predecessor-version":[{"id":2317,"href":"https:\/\/agora.xtec.cat\/escolapablopicasso\/wp-json\/wp\/v2\/posts\/2314\/revisions\/2317"}],"wp:attachment":[{"href":"https:\/\/agora.xtec.cat\/escolapablopicasso\/wp-json\/wp\/v2\/media?parent=2314"}],"wp:term":[{"taxonomy":"category","embeddable":true,"href":"https:\/\/agora.xtec.cat\/escolapablopicasso\/wp-json\/wp\/v2\/categories?post=2314"},{"taxonomy":"post_tag","embeddable":true,"href":"https:\/\/agora.xtec.cat\/escolapablopicasso\/wp-json\/wp\/v2\/tags?post=2314"}],"curies":[{"name":"wp","href":"https:\/\/api.w.org\/{rel}","templated":true}]}}