{"id":2249,"date":"2015-10-01T10:20:01","date_gmt":"2015-10-01T09:20:01","guid":{"rendered":"http:\/\/agora.xtec.cat\/escolapablopicasso\/?p=2249"},"modified":"2015-10-04T17:28:20","modified_gmt":"2015-10-04T16:28:20","slug":"passejada-guiada-pel-bosc-de-santiga","status":"publish","type":"post","link":"https:\/\/agora.xtec.cat\/escolapablopicasso\/portada\/passejada-guiada-pel-bosc-de-santiga\/","title":{"rendered":"Passejada guiada pel Bosc de Santiga"},"content":{"rendered":"<p><strong>Activitat proposada per l&#8217;Ajuntament de Barber\u00e0 per aquest diumenge:<\/strong><\/p>\n<p><span style=\"font-family: Arial; font-size: medium;\">Amb motiu dels 40 anys del primer\u00a0<span class=\"il\">itinerari<\/span>\u00a0de natura que es va posar en funcionament a Catalunya,<b>\u00a0<i>el bosc de Santiga<\/i>\u00a0de Barber\u00e0 del Vall\u00e8s,\u00a0<\/b>el\u00a0<u>proper diumenge 4 d&#8217;octubre<\/u>\u00a0es far\u00e0 una passejada guiada.\u00a0<\/span><br \/>\n<span style=\"font-family: Arial; font-size: medium;\">El punt de trobada ser\u00e0 a\u00a0 les 10.00 davant l&#8217;entrada principal de l&#8217;Estaci\u00f3 RENFE de BARBER\u00c0 del VALL\u00c8S,\u00a0<\/span>o per els que vingueu amb\u00a0vehicle privat\u00a0o a peu des de Barber\u00e0 a les 10.45\u00a0 al final del Carrer Mol\u00ed d&#8217;en Planas (inici del cam\u00ed de terra,\u00a041.516571, 2.139044), trobareu lloc per aparcar als voltants d&#8217;aquest punt.<\/p>\n<p>Aqu\u00ed podreu trobar m\u00e9s informaci\u00f3:\u00a0<a href=\"http:\/\/caminsdenatura.cat\/itineraris-guiats\/el-bosc-de-santiga\/\" target=\"_blank\">http:\/\/caminsdenatura.cat\/itineraris-guiats\/el-bosc-de-santiga\/<\/a><\/p>\n","protected":false},"excerpt":{"rendered":"<p>Activitat proposada per l&#8217;Ajuntament de Barber\u00e0 per aquest diumenge:<br \/>\nAmb motiu dels 40 anys del primer\u00a0itinerari\u00a0de natura que es va posar en funcionament a Catalunya,\u00a0el bosc de Santiga\u00a0de Barber\u00e0 del Vall\u00e8s,\u00a0el\u00a0proper diumenge 4 d&#8217;octubre\u00a0es far\u00e0 una passejada guiada.\u00a0<br \/>\nEl punt de trobada ser\u00e0 a\u00a0 les 10.00 davant&hellip;  <a href=\"https:\/\/agora.xtec.cat\/escolapablopicasso\/portada\/passejada-guiada-pel-bosc-de-santiga\/\" title=\"Read Passejada guiada pel Bosc de Santiga\">Llegeix m\u00e9s\u00bb<\/a><\/p>\n","protected":false},"author":1,"featured_media":0,"comment_status":"open","ping_status":"open","sticky":false,"template":"","format":"standard","meta":{"_bbp_topic_count":0,"_bbp_reply_count":0,"_bbp_total_topic_count":0,"_bbp_total_reply_count":0,"_bbp_voice_count":0,"_bbp_anonymous_reply_count":0,"_bbp_topic_count_hidden":0,"_bbp_reply_count_hidden":0,"_bbp_forum_subforum_count":0,"footnotes":""},"categories":[4],"tags":[],"class_list":["post-2249","post","type-post","status-publish","format-standard","hentry","category-portada"],"post_mailing_queue_ids":[],"_links":{"self":[{"href":"https:\/\/agora.xtec.cat\/escolapablopicasso\/wp-json\/wp\/v2\/posts\/2249","targetHints":{"allow":["GET"]}}],"collection":[{"href":"https:\/\/agora.xtec.cat\/escolapablopicasso\/wp-json\/wp\/v2\/posts"}],"about":[{"href":"https:\/\/agora.xtec.cat\/escolapablopicasso\/wp-json\/wp\/v2\/types\/post"}],"author":[{"embeddable":true,"href":"https:\/\/agora.xtec.cat\/escolapablopicasso\/wp-json\/wp\/v2\/users\/1"}],"replies":[{"embeddable":true,"href":"https:\/\/agora.xtec.cat\/escolapablopicasso\/wp-json\/wp\/v2\/comments?post=2249"}],"version-history":[{"count":2,"href":"https:\/\/agora.xtec.cat\/escolapablopicasso\/wp-json\/wp\/v2\/posts\/2249\/revisions"}],"predecessor-version":[{"id":2251,"href":"https:\/\/agora.xtec.cat\/escolapablopicasso\/wp-json\/wp\/v2\/posts\/2249\/revisions\/2251"}],"wp:attachment":[{"href":"https:\/\/agora.xtec.cat\/escolapablopicasso\/wp-json\/wp\/v2\/media?parent=2249"}],"wp:term":[{"taxonomy":"category","embeddable":true,"href":"https:\/\/agora.xtec.cat\/escolapablopicasso\/wp-json\/wp\/v2\/categories?post=2249"},{"taxonomy":"post_tag","embeddable":true,"href":"https:\/\/agora.xtec.cat\/escolapablopicasso\/wp-json\/wp\/v2\/tags?post=2249"}],"curies":[{"name":"wp","href":"https:\/\/api.w.org\/{rel}","templated":true}]}}