{"id":2004,"date":"2015-06-19T18:51:15","date_gmt":"2015-06-19T17:51:15","guid":{"rendered":"http:\/\/agora.xtec.cat\/escolapablopicasso\/?p=2004"},"modified":"2015-08-20T18:43:43","modified_gmt":"2015-08-20T17:43:43","slug":"cantania-2015-2","status":"publish","type":"post","link":"https:\/\/agora.xtec.cat\/escolapablopicasso\/general\/cantania-2015-2\/","title":{"rendered":"CANT\u00c0NIA 2015"},"content":{"rendered":"<p>Ja s\u00f3n els v\u00eddeos dels nostres alumnes de 5\u00e8 de la Cant\u00e0nia a la web de l&#8217;auditori de Sant Cugat.<\/p>\n<p>Aqu\u00ed teniu l&#8217;enlla\u00e7: <a href=\"http:\/\/www.cugat.cat\/tv\/escoles\/queiqui\/5288\" target=\"_blank\">V\u00eddeo Cant\u00e0nia 2015<\/a><\/p>\n<p><a href=\"http:\/\/www.cugat.cat\/tv\/escoles\/queiqui\/5288\" target=\"_blank\"><img loading=\"lazy\" decoding=\"async\" class=\"alignnone\" src=\"https:\/\/encrypted-tbn3.gstatic.com\/images?q=tbn:ANd9GcQc_zxfutpsKyUw3t8p9fKfDlY1gogalzvzUtlMDp0YQJdXovbn\" alt=\"\" width=\"212\" height=\"238\" \/><\/a><\/p>\n","protected":false},"excerpt":{"rendered":"<p>Ja s\u00f3n els v\u00eddeos dels nostres alumnes de 5\u00e8 de la Cant\u00e0nia a la web de l&#8217;auditori de Sant Cugat.<br \/>\nAqu\u00ed teniu l&#8217;enlla\u00e7: <a href=\"http:\/\/www.cugat.cat\/tv\/escoles\/queiqui\/5288\" target=\"_blank\">V\u00eddeo Cant\u00e0nia 2015<\/a><br \/>\n<a href=\"http:\/\/www.cugat.cat\/tv\/escoles\/queiqui\/5288\" target=\"_blank\"><\/a><\/p>\n","protected":false},"author":1,"featured_media":0,"comment_status":"open","ping_status":"open","sticky":false,"template":"","format":"standard","meta":{"_bbp_topic_count":0,"_bbp_reply_count":0,"_bbp_total_topic_count":0,"_bbp_total_reply_count":0,"_bbp_voice_count":0,"_bbp_anonymous_reply_count":0,"_bbp_topic_count_hidden":0,"_bbp_reply_count_hidden":0,"_bbp_forum_subforum_count":0,"footnotes":""},"categories":[14,1,24,4],"tags":[],"class_list":["post-2004","post","type-post","status-publish","format-standard","hentry","category-5e","category-general","category-musica","category-portada"],"post_mailing_queue_ids":[],"_links":{"self":[{"href":"https:\/\/agora.xtec.cat\/escolapablopicasso\/wp-json\/wp\/v2\/posts\/2004","targetHints":{"allow":["GET"]}}],"collection":[{"href":"https:\/\/agora.xtec.cat\/escolapablopicasso\/wp-json\/wp\/v2\/posts"}],"about":[{"href":"https:\/\/agora.xtec.cat\/escolapablopicasso\/wp-json\/wp\/v2\/types\/post"}],"author":[{"embeddable":true,"href":"https:\/\/agora.xtec.cat\/escolapablopicasso\/wp-json\/wp\/v2\/users\/1"}],"replies":[{"embeddable":true,"href":"https:\/\/agora.xtec.cat\/escolapablopicasso\/wp-json\/wp\/v2\/comments?post=2004"}],"version-history":[{"count":3,"href":"https:\/\/agora.xtec.cat\/escolapablopicasso\/wp-json\/wp\/v2\/posts\/2004\/revisions"}],"predecessor-version":[{"id":2010,"href":"https:\/\/agora.xtec.cat\/escolapablopicasso\/wp-json\/wp\/v2\/posts\/2004\/revisions\/2010"}],"wp:attachment":[{"href":"https:\/\/agora.xtec.cat\/escolapablopicasso\/wp-json\/wp\/v2\/media?parent=2004"}],"wp:term":[{"taxonomy":"category","embeddable":true,"href":"https:\/\/agora.xtec.cat\/escolapablopicasso\/wp-json\/wp\/v2\/categories?post=2004"},{"taxonomy":"post_tag","embeddable":true,"href":"https:\/\/agora.xtec.cat\/escolapablopicasso\/wp-json\/wp\/v2\/tags?post=2004"}],"curies":[{"name":"wp","href":"https:\/\/api.w.org\/{rel}","templated":true}]}}