{"id":1985,"date":"2015-06-06T22:28:47","date_gmt":"2015-06-06T21:28:47","guid":{"rendered":"http:\/\/agora.xtec.cat\/escolapablopicasso\/?p=1985"},"modified":"2015-11-04T23:52:53","modified_gmt":"2015-11-04T22:52:53","slug":"exposicio-mosquits","status":"publish","type":"post","link":"https:\/\/agora.xtec.cat\/escolapablopicasso\/general\/exposicio-mosquits\/","title":{"rendered":"EXPOSICI\u00d3 MOSQUITS"},"content":{"rendered":"<p>Des de l&#8217;Ajuntament ens han facilitat una exposici\u00f3 sobre els mosquits, que est\u00e0 penjada al passad\u00eds de l&#8217;escola del vest\u00edbul. Aquesta exposici\u00f3 est\u00e0 adre\u00e7ada als nens i nenes del Cicle Mitj\u00e0, ja que \u00e9s en aquest cicle quan es treballen els insectes.<\/p>\n<p>Us convidem a entrar i veure-la tots els dies\u00a0a les 13:00h fins el dimecres, 17 de juny.<\/p>\n<p><iframe loading=\"lazy\" src=\"\/\/www.youtube.com\/embed\/YhJmo59UG-M\" width=\"425\" height=\"350\"><\/iframe><\/p>\n","protected":false},"excerpt":{"rendered":"<p>Des de l&#8217;Ajuntament ens han facilitat una exposici\u00f3 sobre els mosquits, que est\u00e0 penjada al passad\u00eds de l&#8217;escola del vest\u00edbul. Aquesta exposici\u00f3 est\u00e0 adre\u00e7ada als nens i nenes del Cicle Mitj\u00e0, ja que \u00e9s en aquest cicle quan es treballen els insectes.<br \/>\nUs convidem a entrar&hellip;  <a href=\"https:\/\/agora.xtec.cat\/escolapablopicasso\/general\/exposicio-mosquits\/\" title=\"Read EXPOSICI\u00d3 MOSQUITS\">Llegeix m\u00e9s\u00bb<\/a><\/p>\n","protected":false},"author":1,"featured_media":0,"comment_status":"open","ping_status":"open","sticky":false,"template":"","format":"standard","meta":{"_bbp_topic_count":0,"_bbp_reply_count":0,"_bbp_total_topic_count":0,"_bbp_total_reply_count":0,"_bbp_voice_count":0,"_bbp_anonymous_reply_count":0,"_bbp_topic_count_hidden":0,"_bbp_reply_count_hidden":0,"_bbp_forum_subforum_count":0,"footnotes":""},"categories":[1,4,5],"tags":[],"class_list":["post-1985","post","type-post","status-publish","format-standard","hentry","category-general","category-portada","category-primaria"],"post_mailing_queue_ids":[],"_links":{"self":[{"href":"https:\/\/agora.xtec.cat\/escolapablopicasso\/wp-json\/wp\/v2\/posts\/1985","targetHints":{"allow":["GET"]}}],"collection":[{"href":"https:\/\/agora.xtec.cat\/escolapablopicasso\/wp-json\/wp\/v2\/posts"}],"about":[{"href":"https:\/\/agora.xtec.cat\/escolapablopicasso\/wp-json\/wp\/v2\/types\/post"}],"author":[{"embeddable":true,"href":"https:\/\/agora.xtec.cat\/escolapablopicasso\/wp-json\/wp\/v2\/users\/1"}],"replies":[{"embeddable":true,"href":"https:\/\/agora.xtec.cat\/escolapablopicasso\/wp-json\/wp\/v2\/comments?post=1985"}],"version-history":[{"count":1,"href":"https:\/\/agora.xtec.cat\/escolapablopicasso\/wp-json\/wp\/v2\/posts\/1985\/revisions"}],"predecessor-version":[{"id":1986,"href":"https:\/\/agora.xtec.cat\/escolapablopicasso\/wp-json\/wp\/v2\/posts\/1985\/revisions\/1986"}],"wp:attachment":[{"href":"https:\/\/agora.xtec.cat\/escolapablopicasso\/wp-json\/wp\/v2\/media?parent=1985"}],"wp:term":[{"taxonomy":"category","embeddable":true,"href":"https:\/\/agora.xtec.cat\/escolapablopicasso\/wp-json\/wp\/v2\/categories?post=1985"},{"taxonomy":"post_tag","embeddable":true,"href":"https:\/\/agora.xtec.cat\/escolapablopicasso\/wp-json\/wp\/v2\/tags?post=1985"}],"curies":[{"name":"wp","href":"https:\/\/api.w.org\/{rel}","templated":true}]}}