{"id":1977,"date":"2015-05-27T21:38:33","date_gmt":"2015-05-27T20:38:33","guid":{"rendered":"http:\/\/agora.xtec.cat\/escolapablopicasso\/?p=1977"},"modified":"2015-06-06T21:40:26","modified_gmt":"2015-06-06T20:40:26","slug":"p3-p4-i-p5-a-la-granja-can-jordi-rubi","status":"publish","type":"post","link":"https:\/\/agora.xtec.cat\/escolapablopicasso\/general\/p3-p4-i-p5-a-la-granja-can-jordi-rubi\/","title":{"rendered":"P3, P4 i P5 A LA GRANJA CAN JORDI (Rub\u00ed)"},"content":{"rendered":"<p>Els sis grups d&#8217;Educaci\u00f3 Infantil vam gaudir d&#8217;un magn\u00edfic dia a la Granja Can Jordi de Rub\u00ed. Aqu\u00ed us deixem una mostra de tot el que vam fer i ben aviat, al CD de final de curs, podreu veure mooooltes m\u00e9s fotos.<\/p>\n<p><iframe loading=\"lazy\" src=\"\/\/www.youtube.com\/embed\/N2qSYg_Ryq0\" width=\"425\" height=\"350\"><\/iframe><\/p>\n","protected":false},"excerpt":{"rendered":"<p>Els sis grups d&#8217;Educaci\u00f3 Infantil vam gaudir d&#8217;un magn\u00edfic dia a la Granja Can Jordi de Rub\u00ed. Aqu\u00ed us deixem una mostra de tot el que vam fer i ben aviat, al CD de final de curs, podreu veure mooooltes m\u00e9s fotos.<\/p>\n","protected":false},"author":1,"featured_media":0,"comment_status":"open","ping_status":"open","sticky":false,"template":"","format":"standard","meta":{"_bbp_topic_count":0,"_bbp_reply_count":0,"_bbp_total_topic_count":0,"_bbp_total_reply_count":0,"_bbp_voice_count":0,"_bbp_anonymous_reply_count":0,"_bbp_topic_count_hidden":0,"_bbp_reply_count_hidden":0,"_bbp_forum_subforum_count":0,"footnotes":""},"categories":[1,3,8,9,2,30],"tags":[],"class_list":["post-1977","post","type-post","status-publish","format-standard","hentry","category-general","category-i3","category-i4","category-i5","category-infantil","category-sortides"],"post_mailing_queue_ids":[],"_links":{"self":[{"href":"https:\/\/agora.xtec.cat\/escolapablopicasso\/wp-json\/wp\/v2\/posts\/1977","targetHints":{"allow":["GET"]}}],"collection":[{"href":"https:\/\/agora.xtec.cat\/escolapablopicasso\/wp-json\/wp\/v2\/posts"}],"about":[{"href":"https:\/\/agora.xtec.cat\/escolapablopicasso\/wp-json\/wp\/v2\/types\/post"}],"author":[{"embeddable":true,"href":"https:\/\/agora.xtec.cat\/escolapablopicasso\/wp-json\/wp\/v2\/users\/1"}],"replies":[{"embeddable":true,"href":"https:\/\/agora.xtec.cat\/escolapablopicasso\/wp-json\/wp\/v2\/comments?post=1977"}],"version-history":[{"count":1,"href":"https:\/\/agora.xtec.cat\/escolapablopicasso\/wp-json\/wp\/v2\/posts\/1977\/revisions"}],"predecessor-version":[{"id":1978,"href":"https:\/\/agora.xtec.cat\/escolapablopicasso\/wp-json\/wp\/v2\/posts\/1977\/revisions\/1978"}],"wp:attachment":[{"href":"https:\/\/agora.xtec.cat\/escolapablopicasso\/wp-json\/wp\/v2\/media?parent=1977"}],"wp:term":[{"taxonomy":"category","embeddable":true,"href":"https:\/\/agora.xtec.cat\/escolapablopicasso\/wp-json\/wp\/v2\/categories?post=1977"},{"taxonomy":"post_tag","embeddable":true,"href":"https:\/\/agora.xtec.cat\/escolapablopicasso\/wp-json\/wp\/v2\/tags?post=1977"}],"curies":[{"name":"wp","href":"https:\/\/api.w.org\/{rel}","templated":true}]}}