{"id":1968,"date":"2015-05-27T20:59:17","date_gmt":"2015-05-27T19:59:17","guid":{"rendered":"http:\/\/agora.xtec.cat\/escolapablopicasso\/?p=1968"},"modified":"2015-05-27T20:59:43","modified_gmt":"2015-05-27T19:59:43","slug":"assaig-del-ball-6e","status":"publish","type":"post","link":"https:\/\/agora.xtec.cat\/escolapablopicasso\/general\/assaig-del-ball-6e\/","title":{"rendered":"Assaig del ball &#8211; 6\u00e8"},"content":{"rendered":"<p>Els nostres alumnes ja fa mesos que preparen el ball que faran l&#8217;\u00faltim dia d&#8217;escola. Aqu\u00ed els podeu veure assajant en grups, ensenyant-se els passos els uns als altres.<\/p>\n<p>No us podem dir res m\u00e9s&#8230; \ud83d\ude09<\/p>\n<p><iframe loading=\"lazy\" src=\"\/\/www.youtube.com\/embed\/LD30VHBLhRU\" width=\"425\" height=\"350\"><\/iframe><\/p>\n","protected":false},"excerpt":{"rendered":"<p>Els nostres alumnes ja fa mesos que preparen el ball que faran l&#8217;\u00faltim dia d&#8217;escola. Aqu\u00ed els podeu veure assajant en grups, ensenyant-se els passos els uns als altres.<br \/>\nNo us podem dir res m\u00e9s&#8230; \ud83d\ude09<\/p>\n","protected":false},"author":1,"featured_media":0,"comment_status":"open","ping_status":"open","sticky":false,"template":"","format":"standard","meta":{"_bbp_topic_count":0,"_bbp_reply_count":0,"_bbp_total_topic_count":0,"_bbp_total_reply_count":0,"_bbp_voice_count":0,"_bbp_anonymous_reply_count":0,"_bbp_topic_count_hidden":0,"_bbp_reply_count_hidden":0,"_bbp_forum_subforum_count":0,"footnotes":""},"categories":[15,23,1,24,5],"tags":[],"class_list":["post-1968","post","type-post","status-publish","format-standard","hentry","category-6e","category-nadal","category-general","category-musica","category-primaria"],"post_mailing_queue_ids":[],"_links":{"self":[{"href":"https:\/\/agora.xtec.cat\/escolapablopicasso\/wp-json\/wp\/v2\/posts\/1968","targetHints":{"allow":["GET"]}}],"collection":[{"href":"https:\/\/agora.xtec.cat\/escolapablopicasso\/wp-json\/wp\/v2\/posts"}],"about":[{"href":"https:\/\/agora.xtec.cat\/escolapablopicasso\/wp-json\/wp\/v2\/types\/post"}],"author":[{"embeddable":true,"href":"https:\/\/agora.xtec.cat\/escolapablopicasso\/wp-json\/wp\/v2\/users\/1"}],"replies":[{"embeddable":true,"href":"https:\/\/agora.xtec.cat\/escolapablopicasso\/wp-json\/wp\/v2\/comments?post=1968"}],"version-history":[{"count":2,"href":"https:\/\/agora.xtec.cat\/escolapablopicasso\/wp-json\/wp\/v2\/posts\/1968\/revisions"}],"predecessor-version":[{"id":1970,"href":"https:\/\/agora.xtec.cat\/escolapablopicasso\/wp-json\/wp\/v2\/posts\/1968\/revisions\/1970"}],"wp:attachment":[{"href":"https:\/\/agora.xtec.cat\/escolapablopicasso\/wp-json\/wp\/v2\/media?parent=1968"}],"wp:term":[{"taxonomy":"category","embeddable":true,"href":"https:\/\/agora.xtec.cat\/escolapablopicasso\/wp-json\/wp\/v2\/categories?post=1968"},{"taxonomy":"post_tag","embeddable":true,"href":"https:\/\/agora.xtec.cat\/escolapablopicasso\/wp-json\/wp\/v2\/tags?post=1968"}],"curies":[{"name":"wp","href":"https:\/\/api.w.org\/{rel}","templated":true}]}}