{"id":1956,"date":"2015-05-20T13:34:38","date_gmt":"2015-05-20T12:34:38","guid":{"rendered":"http:\/\/agora.xtec.cat\/escolapablopicasso\/?p=1956"},"modified":"2015-05-25T13:35:37","modified_gmt":"2015-05-25T12:35:37","slug":"1956","status":"publish","type":"post","link":"https:\/\/agora.xtec.cat\/escolapablopicasso\/general\/1956\/","title":{"rendered":"CANT\u00c0NIA 2015"},"content":{"rendered":"<p><img loading=\"lazy\" decoding=\"async\" class=\"\" src=\"http:\/\/www.cugat.cat\/fotos\/140430-cantania1.jpg\" alt=\"Imatge de l'edici\u00f3 de la Cant\u00e0ina de l'any passat \/ Foto: Localpres\" width=\"350\" height=\"197\" \/><\/p>\n<h2>El Teatre-Auditori acull 46 escoles del Vall\u00e8s per la Cant\u00e0nia<\/h2>\n<p class=\"createdate\" align=\"left\"><strong>Laia Soriano<\/strong> | Not\u00edcia publicada dimarts 19 de maig de 2015<\/p>\n<p>El Teatre-Auditori acull entre aquest dimarts i dijous la tradicional Cant\u00e0nia sota el nom \u2018Al bell mig de la terra\u2019 en la qual participaran 2.500 alumnes de 46 escoles del Vall\u00e8s Occidental.<\/p>\n<p>\u2018Al bell mig de la terra\u2019, amb text de Carlota Subir\u00f3s i m\u00fasica de Xavier Pag\u00e8s, explica la hist\u00f2ria de Khalil, un jove afric\u00e0 que \u00e9s resident a una ciutat del sud d\u2019Europa i est\u00e0 fascinat pel Mediterrani, que durant milers d\u2019anys ha estat l\u2019escenari de trobada per a tota mena de persones, i encarna els valors essencials de la cultura, la hist\u00f2ria i la natura.<\/p>\n<p><a href=\"http:\/\/www.cugat.cat\/noticies\/cultura\/99138\">La Cant\u00e0nia<\/a> celebra 26 anys i \u00e9s una activitat promoguda per l\u2019Auditori de Barcelona que es duu a terme a diverses poblacions d\u2019arreu de Catalunya. L\u2019objectiu d\u2019aquestes actuacions \u00e9s que els nens i les nenes de quart a sis\u00e8 de prim\u00e0ria de les escoles treballin, durant gran part del curs, una cantata per representar-la davant dels seus familiars.<\/p>\n<p>\u2018Al bell mig de la terra\u2019 es representar\u00e0 a 10 ciutats catalanes, com Barcelona, Figueres, Manresa, Olot i Vic, entre d\u2019altres.<\/p>\n<hr \/>\n<p><strong>AQU\u00cd TENIU ELS V\u00cdDEOS DE LA CANT\u00c0NIA DE L\u2019ANY PASSAT:\u00a0<\/strong><a href=\"http:\/\/www.cugat.cat\/tv\/video\/3962\" target=\"_blank\">http:\/\/www.cugat.cat\/tv\/video\/3962<\/a><\/p>\n<p>Properament els v\u00eddeos d\u2019aquest any quan es pengin a la web de<a href=\"http:\/\/blocs.xtec.cat\/escolapablopicasso\/www.cugat.cat\" target=\"_blank\">www.cugat.cat<\/a><\/p>\n<p>Tamb\u00e9 es podr\u00e0 comprar el DVD si el voleu tenir a casa vostra,\u00a0properament a:\u00a0<a href=\"http:\/\/www.cugat.cat\/labotiga\/\" target=\"_blank\">http:\/\/www.cugat.cat\/labotiga\/<\/a><\/p>\n<p><img decoding=\"async\" src=\"http:\/\/www.cugat.cat\/labotiga\/modules\/cleancarroussel\/carroussel_0.jpg\" alt=\"\" \/><\/p>\n","protected":false},"excerpt":{"rendered":"<p>El Teatre-Auditori acull 46 escoles del Vall\u00e8s per la Cant\u00e0nia<br \/>\nLaia Soriano | Not\u00edcia publicada dimarts 19 de maig de 2015<br \/>\nEl Teatre-Auditori acull entre aquest dimarts i dijous la tradicional Cant\u00e0nia sota el nom \u2018Al bell mig de la terra\u2019 en la qual participaran 2.500 alumnes&hellip;  <a href=\"https:\/\/agora.xtec.cat\/escolapablopicasso\/general\/1956\/\" title=\"Read CANT\u00c0NIA 2015\">Llegeix m\u00e9s\u00bb<\/a><\/p>\n","protected":false},"author":1,"featured_media":0,"comment_status":"open","ping_status":"open","sticky":false,"template":"","format":"standard","meta":{"_bbp_topic_count":0,"_bbp_reply_count":0,"_bbp_total_topic_count":0,"_bbp_total_reply_count":0,"_bbp_voice_count":0,"_bbp_anonymous_reply_count":0,"_bbp_topic_count_hidden":0,"_bbp_reply_count_hidden":0,"_bbp_forum_subforum_count":0,"footnotes":""},"categories":[14,1,24,4,5,30],"tags":[],"class_list":["post-1956","post","type-post","status-publish","format-standard","hentry","category-5e","category-general","category-musica","category-portada","category-primaria","category-sortides"],"post_mailing_queue_ids":[],"_links":{"self":[{"href":"https:\/\/agora.xtec.cat\/escolapablopicasso\/wp-json\/wp\/v2\/posts\/1956","targetHints":{"allow":["GET"]}}],"collection":[{"href":"https:\/\/agora.xtec.cat\/escolapablopicasso\/wp-json\/wp\/v2\/posts"}],"about":[{"href":"https:\/\/agora.xtec.cat\/escolapablopicasso\/wp-json\/wp\/v2\/types\/post"}],"author":[{"embeddable":true,"href":"https:\/\/agora.xtec.cat\/escolapablopicasso\/wp-json\/wp\/v2\/users\/1"}],"replies":[{"embeddable":true,"href":"https:\/\/agora.xtec.cat\/escolapablopicasso\/wp-json\/wp\/v2\/comments?post=1956"}],"version-history":[{"count":2,"href":"https:\/\/agora.xtec.cat\/escolapablopicasso\/wp-json\/wp\/v2\/posts\/1956\/revisions"}],"predecessor-version":[{"id":1958,"href":"https:\/\/agora.xtec.cat\/escolapablopicasso\/wp-json\/wp\/v2\/posts\/1956\/revisions\/1958"}],"wp:attachment":[{"href":"https:\/\/agora.xtec.cat\/escolapablopicasso\/wp-json\/wp\/v2\/media?parent=1956"}],"wp:term":[{"taxonomy":"category","embeddable":true,"href":"https:\/\/agora.xtec.cat\/escolapablopicasso\/wp-json\/wp\/v2\/categories?post=1956"},{"taxonomy":"post_tag","embeddable":true,"href":"https:\/\/agora.xtec.cat\/escolapablopicasso\/wp-json\/wp\/v2\/tags?post=1956"}],"curies":[{"name":"wp","href":"https:\/\/api.w.org\/{rel}","templated":true}]}}