{"id":1907,"date":"2015-05-10T01:08:36","date_gmt":"2015-05-10T00:08:36","guid":{"rendered":"http:\/\/agora.xtec.cat\/escolapablopicasso\/?p=1907"},"modified":"2015-11-04T23:53:45","modified_gmt":"2015-11-04T22:53:45","slug":"cantania-2015","status":"publish","type":"post","link":"https:\/\/agora.xtec.cat\/escolapablopicasso\/general\/cantania-2015\/","title":{"rendered":"Cant\u00e0nia 2015"},"content":{"rendered":"<p><img loading=\"lazy\" decoding=\"async\" class=\"alignnone\" src=\"http:\/\/s4.nitbcn.com\/imagenes\/teatro-cantania-al-bell-mig-de-la-terra-sessio-18h-25-mayo-vic_img:396907.jpg\" alt=\"\" width=\"728\" height=\"270\" \/><\/p>\n<p>Aqu\u00ed teniu les can\u00e7ons de la Cant\u00e0nia d&#8217;aquest any:<\/p>\n<p><iframe loading=\"lazy\" src=\"\/\/www.youtube.com\/embed\/_9xp7NxO-Q8\" width=\"425\" height=\"350\"><\/iframe><\/p>\n<p>Ja queden pocs dies pel concert de Cant\u00e0nia i caldria que practiquessim no nom\u00e9s les can\u00e7ons si\u00f2 tamb\u00e9 els moviments esc\u00e8nics. Estan tots recollits en aquest v\u00eddeo:<\/p>\n<p><iframe loading=\"lazy\" src=\"\/\/www.youtube.com\/embed\/F24J2lzbRYg\" width=\"425\" height=\"350\"><\/iframe><\/p>\n<p style=\"margin: 12px auto 6px auto; font-family: Helvetica,Arial,Sans-serif; font-style: normal; font-variant: normal; font-weight: normal; font-size: 14px; line-height: normal; font-size-adjust: none; font-stretch: normal; -x-system-font: none; display: block;\"><a style=\"text-decoration: underline;\" title=\"View Al Bell Mig de La Terra - TEXT on Scribd\" href=\"http:\/\/www.scribd.com\/doc\/249626539\">Al Bell Mig de La Terra &#8211; TEXT<\/a><\/p>\n<p><iframe loading=\"lazy\" id=\"doc_68001\" class=\"scribd_iframe_embed\" src=\"https:\/\/www.scribd.com\/embeds\/249626539\/content?start_page=1&amp;view_mode=scroll&amp;show_recommendations=true\" width=\"100%\" height=\"600\" frameborder=\"0\" scrolling=\"no\" data-auto-height=\"false\" data-aspect-ratio=\"undefined\"><\/iframe><\/p>\n<p style=\"margin: 12px auto 6px auto; font-family: Helvetica,Arial,Sans-serif; font-style: normal; font-variant: normal; font-weight: normal; font-size: 14px; line-height: normal; font-size-adjust: none; font-stretch: normal; -x-system-font: none; display: block;\"><a style=\"text-decoration: underline;\" title=\"View Al Bell Mig de La Terra - Partitura Completa on Scribd\" href=\"http:\/\/www.scribd.com\/doc\/249626714\">Al Bell Mig de La Terra &#8211; Partitura Completa<\/a><\/p>\n<p><iframe loading=\"lazy\" id=\"doc_46168\" class=\"scribd_iframe_embed\" src=\"https:\/\/www.scribd.com\/embeds\/249626714\/content?start_page=1&amp;view_mode=scroll&amp;show_recommendations=true\" width=\"100%\" height=\"600\" frameborder=\"0\" scrolling=\"no\" data-auto-height=\"false\" data-aspect-ratio=\"undefined\"><\/iframe><\/p>\n","protected":false},"excerpt":{"rendered":"<p>Aqu\u00ed teniu les can\u00e7ons de la Cant\u00e0nia d&#8217;aquest any:<\/p>\n<p>Ja queden pocs dies pel concert de Cant\u00e0nia i caldria que practiquessim no nom\u00e9s les can\u00e7ons si\u00f2 tamb\u00e9 els moviments esc\u00e8nics. Estan tots recollits en aquest v\u00eddeo:<\/p>\n<p><a style=\"text-decoration: underline;\" title=\"View Al Bell Mig de La Terra -&hellip;  <a href=\"https:\/\/agora.xtec.cat\/escolapablopicasso\/general\/cantania-2015\/\" title=\"Read Cant\u00e0nia 2015\">Llegeix m\u00e9s\u00bb<\/a><\/p>\n","protected":false},"author":1,"featured_media":0,"comment_status":"open","ping_status":"open","sticky":false,"template":"","format":"standard","meta":{"_bbp_topic_count":0,"_bbp_reply_count":0,"_bbp_total_topic_count":0,"_bbp_total_reply_count":0,"_bbp_voice_count":0,"_bbp_anonymous_reply_count":0,"_bbp_topic_count_hidden":0,"_bbp_reply_count_hidden":0,"_bbp_forum_subforum_count":0,"footnotes":""},"categories":[14,1,24,5],"tags":[],"class_list":["post-1907","post","type-post","status-publish","format-standard","hentry","category-5e","category-general","category-musica","category-primaria"],"post_mailing_queue_ids":[],"_links":{"self":[{"href":"https:\/\/agora.xtec.cat\/escolapablopicasso\/wp-json\/wp\/v2\/posts\/1907","targetHints":{"allow":["GET"]}}],"collection":[{"href":"https:\/\/agora.xtec.cat\/escolapablopicasso\/wp-json\/wp\/v2\/posts"}],"about":[{"href":"https:\/\/agora.xtec.cat\/escolapablopicasso\/wp-json\/wp\/v2\/types\/post"}],"author":[{"embeddable":true,"href":"https:\/\/agora.xtec.cat\/escolapablopicasso\/wp-json\/wp\/v2\/users\/1"}],"replies":[{"embeddable":true,"href":"https:\/\/agora.xtec.cat\/escolapablopicasso\/wp-json\/wp\/v2\/comments?post=1907"}],"version-history":[{"count":1,"href":"https:\/\/agora.xtec.cat\/escolapablopicasso\/wp-json\/wp\/v2\/posts\/1907\/revisions"}],"predecessor-version":[{"id":1908,"href":"https:\/\/agora.xtec.cat\/escolapablopicasso\/wp-json\/wp\/v2\/posts\/1907\/revisions\/1908"}],"wp:attachment":[{"href":"https:\/\/agora.xtec.cat\/escolapablopicasso\/wp-json\/wp\/v2\/media?parent=1907"}],"wp:term":[{"taxonomy":"category","embeddable":true,"href":"https:\/\/agora.xtec.cat\/escolapablopicasso\/wp-json\/wp\/v2\/categories?post=1907"},{"taxonomy":"post_tag","embeddable":true,"href":"https:\/\/agora.xtec.cat\/escolapablopicasso\/wp-json\/wp\/v2\/tags?post=1907"}],"curies":[{"name":"wp","href":"https:\/\/api.w.org\/{rel}","templated":true}]}}