{"id":1897,"date":"2015-04-20T14:04:21","date_gmt":"2015-04-20T13:04:21","guid":{"rendered":"http:\/\/agora.xtec.cat\/escolapablopicasso\/?p=1897"},"modified":"2015-05-10T01:05:29","modified_gmt":"2015-05-10T00:05:29","slug":"5-minuts-de-silenci","status":"publish","type":"post","link":"https:\/\/agora.xtec.cat\/escolapablopicasso\/general\/5-minuts-de-silenci\/","title":{"rendered":"5 minuts de silenci"},"content":{"rendered":"<p><img loading=\"lazy\" decoding=\"async\" class=\"alignright wp-image-1898 \" src=\"http:\/\/agora.xtec.cat\/escolapablopicasso\/wp-content\/uploads\/usu295\/2015\/04\/IMG_3981-237x300.jpg\" alt=\"IMG_3981\" width=\"134\" height=\"170\" srcset=\"https:\/\/agora.xtec.cat\/escolapablopicasso\/wp-content\/uploads\/usu295\/2015\/04\/IMG_3981-237x300.jpg 237w, https:\/\/agora.xtec.cat\/escolapablopicasso\/wp-content\/uploads\/usu295\/2015\/04\/IMG_3981.jpg 364w\" sizes=\"auto, (max-width: 134px) 100vw, 134px\" \/>Ahir va ser un dia molt trist per tota la comunitat educativa. Des de l&#8217;escola Pablo Picasso, volem expressar el nostre condol a tota la comunitat educativa, la fam\u00edlia i amics de l&#8217;institut Joan Fuster de Barcelona, pels terribles fets ocorreguts ahir.<\/p>\n<p>Avui hem volgut mostrar la nostra solidaritat fent cinc minuts de silenci, escoltant la can\u00e7\u00f3 &#8220;El cant dels ocells&#8221;.<\/p>\n<p><a href=\"http:\/\/ensenyament.gencat.cat\/ca\/Detall\/Convocatoria_minut_silenci\" target=\"_blank\">Convocat\u00f2ria de 5 minuts de silenci per part de la Generalitat de Catalunya.\u00a0<\/a><\/p>\n<p><a href=\"http:\/\/agora.xtec.cat\/escolapablopicasso\/wp-content\/uploads\/usu295\/2015\/04\/IMG_3985.jpg\"><img loading=\"lazy\" decoding=\"async\" class=\"alignnone size-medium wp-image-1899\" src=\"http:\/\/agora.xtec.cat\/escolapablopicasso\/wp-content\/uploads\/usu295\/2015\/04\/IMG_3985-300x225.jpg\" alt=\"IMG_3985\" width=\"300\" height=\"225\" srcset=\"https:\/\/agora.xtec.cat\/escolapablopicasso\/wp-content\/uploads\/usu295\/2015\/04\/IMG_3985-300x225.jpg 300w, https:\/\/agora.xtec.cat\/escolapablopicasso\/wp-content\/uploads\/usu295\/2015\/04\/IMG_3985-1024x768.jpg 1024w, https:\/\/agora.xtec.cat\/escolapablopicasso\/wp-content\/uploads\/usu295\/2015\/04\/IMG_3985-200x150.jpg 200w\" sizes=\"auto, (max-width: 300px) 100vw, 300px\" \/><\/a> <a href=\"http:\/\/agora.xtec.cat\/escolapablopicasso\/wp-content\/uploads\/usu295\/2015\/04\/IMG_3986.jpg\"><img loading=\"lazy\" decoding=\"async\" class=\"alignnone size-medium wp-image-1900\" src=\"http:\/\/agora.xtec.cat\/escolapablopicasso\/wp-content\/uploads\/usu295\/2015\/04\/IMG_3986-300x225.jpg\" alt=\"IMG_3986\" width=\"300\" height=\"225\" srcset=\"https:\/\/agora.xtec.cat\/escolapablopicasso\/wp-content\/uploads\/usu295\/2015\/04\/IMG_3986-300x225.jpg 300w, https:\/\/agora.xtec.cat\/escolapablopicasso\/wp-content\/uploads\/usu295\/2015\/04\/IMG_3986-1024x768.jpg 1024w, https:\/\/agora.xtec.cat\/escolapablopicasso\/wp-content\/uploads\/usu295\/2015\/04\/IMG_3986-200x150.jpg 200w\" sizes=\"auto, (max-width: 300px) 100vw, 300px\" \/><\/a><\/p>\n<p>Aqu\u00ed teniu la can\u00e7\u00f3 de Pau Casals.<\/p>\n<p><iframe loading=\"lazy\" src=\"\/\/www.youtube.com\/embed\/COR3lMXKAfg\" width=\"425\" height=\"350\"><\/iframe><\/p>\n","protected":false},"excerpt":{"rendered":"<p>Ahir va ser un dia molt trist per tota la comunitat educativa. Des de l&#8217;escola Pablo Picasso, volem expressar el nostre condol a tota la comunitat educativa, la fam\u00edlia i amics de l&#8217;institut Joan Fuster de Barcelona, pels terribles fets ocorreguts ahir.<br \/>\nAvui hem volgut mostrar&hellip;  <a href=\"https:\/\/agora.xtec.cat\/escolapablopicasso\/general\/5-minuts-de-silenci\/\" title=\"Read 5 minuts de silenci\">Llegeix m\u00e9s\u00bb<\/a><\/p>\n","protected":false},"author":1,"featured_media":0,"comment_status":"open","ping_status":"open","sticky":false,"template":"","format":"standard","meta":{"_bbp_topic_count":0,"_bbp_reply_count":0,"_bbp_total_topic_count":0,"_bbp_total_reply_count":0,"_bbp_voice_count":0,"_bbp_anonymous_reply_count":0,"_bbp_topic_count_hidden":0,"_bbp_reply_count_hidden":0,"_bbp_forum_subforum_count":0,"footnotes":""},"categories":[1,4],"tags":[],"class_list":["post-1897","post","type-post","status-publish","format-standard","hentry","category-general","category-portada"],"post_mailing_queue_ids":[],"_links":{"self":[{"href":"https:\/\/agora.xtec.cat\/escolapablopicasso\/wp-json\/wp\/v2\/posts\/1897","targetHints":{"allow":["GET"]}}],"collection":[{"href":"https:\/\/agora.xtec.cat\/escolapablopicasso\/wp-json\/wp\/v2\/posts"}],"about":[{"href":"https:\/\/agora.xtec.cat\/escolapablopicasso\/wp-json\/wp\/v2\/types\/post"}],"author":[{"embeddable":true,"href":"https:\/\/agora.xtec.cat\/escolapablopicasso\/wp-json\/wp\/v2\/users\/1"}],"replies":[{"embeddable":true,"href":"https:\/\/agora.xtec.cat\/escolapablopicasso\/wp-json\/wp\/v2\/comments?post=1897"}],"version-history":[{"count":3,"href":"https:\/\/agora.xtec.cat\/escolapablopicasso\/wp-json\/wp\/v2\/posts\/1897\/revisions"}],"predecessor-version":[{"id":1906,"href":"https:\/\/agora.xtec.cat\/escolapablopicasso\/wp-json\/wp\/v2\/posts\/1897\/revisions\/1906"}],"wp:attachment":[{"href":"https:\/\/agora.xtec.cat\/escolapablopicasso\/wp-json\/wp\/v2\/media?parent=1897"}],"wp:term":[{"taxonomy":"category","embeddable":true,"href":"https:\/\/agora.xtec.cat\/escolapablopicasso\/wp-json\/wp\/v2\/categories?post=1897"},{"taxonomy":"post_tag","embeddable":true,"href":"https:\/\/agora.xtec.cat\/escolapablopicasso\/wp-json\/wp\/v2\/tags?post=1897"}],"curies":[{"name":"wp","href":"https:\/\/api.w.org\/{rel}","templated":true}]}}