{"id":1876,"date":"2015-04-19T17:10:10","date_gmt":"2015-04-19T16:10:10","guid":{"rendered":"http:\/\/agora.xtec.cat\/escolapablopicasso\/?p=1876"},"modified":"2015-11-04T23:54:31","modified_gmt":"2015-11-04T22:54:31","slug":"anem-a-radio-barbera","status":"publish","type":"post","link":"https:\/\/agora.xtec.cat\/escolapablopicasso\/general\/anem-a-radio-barbera\/","title":{"rendered":"ANEM A R\u00c0DIO BARBER\u00c0"},"content":{"rendered":"<p>Els nens i nenes de 4t hem anat a visitar R\u00e0dio Barber\u00e0. A classe hav\u00edem treballat molt com es feia un debat per\u00f2 parlar per la r\u00e0dio i que ens escolti tothom&#8230; aix\u00f2 fa un mica de por! Per\u00f2 passat els nervis del comen\u00e7ament, ho hem fet superb\u00e9.<\/p>\n<p><iframe loading=\"lazy\" src=\"\/\/www.youtube.com\/embed\/liKZe-i5D-Q\" width=\"425\" height=\"350\"><\/iframe><\/p>\n<p><iframe loading=\"lazy\" src=\"\/\/www.youtube.com\/embed\/R6tT1MOGZjk\" width=\"425\" height=\"350\"><\/iframe><\/p>\n","protected":false},"excerpt":{"rendered":"<p>Els nens i nenes de 4t hem anat a visitar R\u00e0dio Barber\u00e0. A classe hav\u00edem treballat molt com es feia un debat per\u00f2 parlar per la r\u00e0dio i que ens escolti tothom&#8230; aix\u00f2 fa un mica de por! Per\u00f2 passat els nervis del comen\u00e7ament, ho&hellip;  <a href=\"https:\/\/agora.xtec.cat\/escolapablopicasso\/general\/anem-a-radio-barbera\/\" title=\"Read ANEM A R\u00c0DIO BARBER\u00c0\">Llegeix m\u00e9s\u00bb<\/a><\/p>\n","protected":false},"author":1,"featured_media":0,"comment_status":"open","ping_status":"open","sticky":false,"template":"","format":"standard","meta":{"_bbp_topic_count":0,"_bbp_reply_count":0,"_bbp_total_topic_count":0,"_bbp_total_reply_count":0,"_bbp_voice_count":0,"_bbp_anonymous_reply_count":0,"_bbp_topic_count_hidden":0,"_bbp_reply_count_hidden":0,"_bbp_forum_subforum_count":0,"footnotes":""},"categories":[13,1,5,30],"tags":[],"class_list":["post-1876","post","type-post","status-publish","format-standard","hentry","category-4t","category-general","category-primaria","category-sortides"],"post_mailing_queue_ids":[],"_links":{"self":[{"href":"https:\/\/agora.xtec.cat\/escolapablopicasso\/wp-json\/wp\/v2\/posts\/1876","targetHints":{"allow":["GET"]}}],"collection":[{"href":"https:\/\/agora.xtec.cat\/escolapablopicasso\/wp-json\/wp\/v2\/posts"}],"about":[{"href":"https:\/\/agora.xtec.cat\/escolapablopicasso\/wp-json\/wp\/v2\/types\/post"}],"author":[{"embeddable":true,"href":"https:\/\/agora.xtec.cat\/escolapablopicasso\/wp-json\/wp\/v2\/users\/1"}],"replies":[{"embeddable":true,"href":"https:\/\/agora.xtec.cat\/escolapablopicasso\/wp-json\/wp\/v2\/comments?post=1876"}],"version-history":[{"count":1,"href":"https:\/\/agora.xtec.cat\/escolapablopicasso\/wp-json\/wp\/v2\/posts\/1876\/revisions"}],"predecessor-version":[{"id":1877,"href":"https:\/\/agora.xtec.cat\/escolapablopicasso\/wp-json\/wp\/v2\/posts\/1876\/revisions\/1877"}],"wp:attachment":[{"href":"https:\/\/agora.xtec.cat\/escolapablopicasso\/wp-json\/wp\/v2\/media?parent=1876"}],"wp:term":[{"taxonomy":"category","embeddable":true,"href":"https:\/\/agora.xtec.cat\/escolapablopicasso\/wp-json\/wp\/v2\/categories?post=1876"},{"taxonomy":"post_tag","embeddable":true,"href":"https:\/\/agora.xtec.cat\/escolapablopicasso\/wp-json\/wp\/v2\/tags?post=1876"}],"curies":[{"name":"wp","href":"https:\/\/api.w.org\/{rel}","templated":true}]}}