{"id":1874,"date":"2015-04-17T17:08:42","date_gmt":"2015-04-17T16:08:42","guid":{"rendered":"http:\/\/agora.xtec.cat\/escolapablopicasso\/?p=1874"},"modified":"2015-11-04T23:54:39","modified_gmt":"2015-11-04T22:54:39","slug":"little-red-teatre-en-angles-2on","status":"publish","type":"post","link":"https:\/\/agora.xtec.cat\/escolapablopicasso\/general\/little-red-teatre-en-angles-2on\/","title":{"rendered":"Little Red. Teatre en Angl\u00e8s. 2on"},"content":{"rendered":"<p>Aquest mat\u00ed els alumnes de Segon hem anat a l&#8217;Auditori Maria Feliu a veure l&#8217;obra en Angl\u00e8s &#8220;Little Red&#8221;<\/p>\n<p>Hem gaudit molt de l&#8217;obra ja que hem pogut participar i cantar la can\u00e7\u00f3 &#8220;I&#8217;m not afraid of the big bad wolf&#8221;.<\/p>\n<p><img loading=\"lazy\" decoding=\"async\" class=\"aligncenter size-medium wp-image-1485\" src=\"http:\/\/blocs.xtec.cat\/escolapablopicasso\/files\/2015\/04\/DSC_0011-300x168.jpg\" alt=\"DSC_0011\" width=\"300\" height=\"168\" \/><a href=\"http:\/\/blocs.xtec.cat\/escolapablopicasso\/files\/2015\/04\/DSC_0012.jpg\"><img loading=\"lazy\" decoding=\"async\" class=\"aligncenter size-medium wp-image-1486\" src=\"http:\/\/blocs.xtec.cat\/escolapablopicasso\/files\/2015\/04\/DSC_0012-300x168.jpg\" alt=\"DSC_0012\" width=\"300\" height=\"168\" \/><\/a><a href=\"http:\/\/blocs.xtec.cat\/escolapablopicasso\/files\/2015\/04\/DSC_0013.jpg\"><img loading=\"lazy\" decoding=\"async\" class=\"aligncenter size-medium wp-image-1487\" src=\"http:\/\/blocs.xtec.cat\/escolapablopicasso\/files\/2015\/04\/DSC_0013-300x168.jpg\" alt=\"DSC_0013\" width=\"300\" height=\"168\" \/><\/a><a href=\"http:\/\/blocs.xtec.cat\/escolapablopicasso\/files\/2015\/04\/DSC_0014.jpg\"><img loading=\"lazy\" decoding=\"async\" class=\"aligncenter size-medium wp-image-1488\" src=\"http:\/\/blocs.xtec.cat\/escolapablopicasso\/files\/2015\/04\/DSC_0014-300x168.jpg\" alt=\"DSC_0014\" width=\"300\" height=\"168\" \/><\/a><a href=\"http:\/\/blocs.xtec.cat\/escolapablopicasso\/files\/2015\/04\/DSC_0016.jpg\"><img loading=\"lazy\" decoding=\"async\" class=\"aligncenter size-medium wp-image-1489\" src=\"http:\/\/blocs.xtec.cat\/escolapablopicasso\/files\/2015\/04\/DSC_0016-300x168.jpg\" alt=\"DSC_0016\" width=\"300\" height=\"168\" \/><\/a><a href=\"http:\/\/blocs.xtec.cat\/escolapablopicasso\/files\/2015\/04\/DSC_0017.jpg\"><img loading=\"lazy\" decoding=\"async\" class=\"aligncenter size-medium wp-image-1490\" src=\"http:\/\/blocs.xtec.cat\/escolapablopicasso\/files\/2015\/04\/DSC_0017-300x168.jpg\" alt=\"DSC_0017\" width=\"300\" height=\"168\" \/><\/a><a href=\"http:\/\/blocs.xtec.cat\/escolapablopicasso\/files\/2015\/04\/DSC_0018.jpg\"><img loading=\"lazy\" decoding=\"async\" class=\"aligncenter size-medium wp-image-1491\" src=\"http:\/\/blocs.xtec.cat\/escolapablopicasso\/files\/2015\/04\/DSC_0018-300x168.jpg\" alt=\"DSC_0018\" width=\"300\" height=\"168\" \/><\/a><a href=\"http:\/\/blocs.xtec.cat\/escolapablopicasso\/files\/2015\/04\/DSC_0019.jpg\"><img loading=\"lazy\" decoding=\"async\" class=\"aligncenter size-medium wp-image-1492\" src=\"http:\/\/blocs.xtec.cat\/escolapablopicasso\/files\/2015\/04\/DSC_0019-300x168.jpg\" alt=\"DSC_0019\" width=\"300\" height=\"168\" \/><\/a><a href=\"http:\/\/blocs.xtec.cat\/escolapablopicasso\/files\/2015\/04\/DSC_0021.jpg\"><img loading=\"lazy\" decoding=\"async\" class=\"aligncenter size-medium wp-image-1493\" src=\"http:\/\/blocs.xtec.cat\/escolapablopicasso\/files\/2015\/04\/DSC_0021-300x168.jpg\" alt=\"DSC_0021\" width=\"300\" height=\"168\" \/><\/a><\/p>\n","protected":false},"excerpt":{"rendered":"<p>Aquest mat\u00ed els alumnes de Segon hem anat a l&#8217;Auditori Maria Feliu a veure l&#8217;obra en Angl\u00e8s &#8220;Little Red&#8221;<br \/>\nHem gaudit molt de l&#8217;obra ja que hem pogut participar i cantar la can\u00e7\u00f3 &#8220;I&#8217;m not afraid of the big bad wolf&#8221;.<br \/>\n<a href=\"http:\/\/blocs.xtec.cat\/escolapablopicasso\/files\/2015\/04\/DSC_0012.jpg\"><\/a><a href=\"http:\/\/blocs.xtec.cat\/escolapablopicasso\/files\/2015\/04\/DSC_0013.jpg\"><\/a><a href=\"http:\/\/blocs.xtec.cat\/escolapablopicasso\/files\/2015\/04\/DSC_0014.jpg\"><\/a><a href=\"http:\/\/blocs.xtec.cat\/escolapablopicasso\/files\/2015\/04\/DSC_0016.jpg\"><\/a><a href=\"http:\/\/blocs.xtec.cat\/escolapablopicasso\/files\/2015\/04\/DSC_0017.jpg\"><\/a><a&hellip;  <a href=\"https:\/\/agora.xtec.cat\/escolapablopicasso\/general\/little-red-teatre-en-angles-2on\/\" title=\"Read Little Red. Teatre en Angl\u00e8s. 2on\">Llegeix m\u00e9s\u00bb<\/a><\/p>\n","protected":false},"author":1,"featured_media":0,"comment_status":"open","ping_status":"open","sticky":false,"template":"","format":"standard","meta":{"_bbp_topic_count":0,"_bbp_reply_count":0,"_bbp_total_topic_count":0,"_bbp_total_reply_count":0,"_bbp_voice_count":0,"_bbp_anonymous_reply_count":0,"_bbp_topic_count_hidden":0,"_bbp_reply_count_hidden":0,"_bbp_forum_subforum_count":0,"footnotes":""},"categories":[11,22,1,5],"tags":[],"class_list":["post-1874","post","type-post","status-publish","format-standard","hentry","category-2n","category-angles","category-general","category-primaria"],"post_mailing_queue_ids":[],"_links":{"self":[{"href":"https:\/\/agora.xtec.cat\/escolapablopicasso\/wp-json\/wp\/v2\/posts\/1874","targetHints":{"allow":["GET"]}}],"collection":[{"href":"https:\/\/agora.xtec.cat\/escolapablopicasso\/wp-json\/wp\/v2\/posts"}],"about":[{"href":"https:\/\/agora.xtec.cat\/escolapablopicasso\/wp-json\/wp\/v2\/types\/post"}],"author":[{"embeddable":true,"href":"https:\/\/agora.xtec.cat\/escolapablopicasso\/wp-json\/wp\/v2\/users\/1"}],"replies":[{"embeddable":true,"href":"https:\/\/agora.xtec.cat\/escolapablopicasso\/wp-json\/wp\/v2\/comments?post=1874"}],"version-history":[{"count":1,"href":"https:\/\/agora.xtec.cat\/escolapablopicasso\/wp-json\/wp\/v2\/posts\/1874\/revisions"}],"predecessor-version":[{"id":1875,"href":"https:\/\/agora.xtec.cat\/escolapablopicasso\/wp-json\/wp\/v2\/posts\/1874\/revisions\/1875"}],"wp:attachment":[{"href":"https:\/\/agora.xtec.cat\/escolapablopicasso\/wp-json\/wp\/v2\/media?parent=1874"}],"wp:term":[{"taxonomy":"category","embeddable":true,"href":"https:\/\/agora.xtec.cat\/escolapablopicasso\/wp-json\/wp\/v2\/categories?post=1874"},{"taxonomy":"post_tag","embeddable":true,"href":"https:\/\/agora.xtec.cat\/escolapablopicasso\/wp-json\/wp\/v2\/tags?post=1874"}],"curies":[{"name":"wp","href":"https:\/\/api.w.org\/{rel}","templated":true}]}}