{"id":1476,"date":"2015-03-24T18:51:31","date_gmt":"2015-03-24T17:51:31","guid":{"rendered":"http:\/\/agora.xtec.cat\/escolapablopicasso\/?p=1476"},"modified":"2015-11-04T23:56:13","modified_gmt":"2015-11-04T22:56:13","slug":"el-viatge-del-senyor-nagata","status":"publish","type":"post","link":"https:\/\/agora.xtec.cat\/escolapablopicasso\/general\/el-viatge-del-senyor-nagata\/","title":{"rendered":"EL VIATGE DEL SENYOR NAGATA"},"content":{"rendered":"<p>Aquest mat\u00ed els alumnes de Primer i Segon hem anat al TMC a veure l\u2019espectacle musical \u201cEl viatge del senyor Nagata\u201d<\/p>\n<p>El Sr. Nagata \u00e9s un aut\u00e8ntic gaito kamishibaiya, un conta-contes japon\u00e8s. Amb la seva bicicleta i un teatre de paper recorre els barris de T\u00f2quio per explicar contes a la mainada. Un bon dia, s\u2019adona que no se li acut cap hist\u00f2ria nova per relatar als seus petits clients. La Yuki el conven\u00e7 que un viatge pel m\u00f3n ser\u00e0 el millor ant\u00eddot per recuperar la inspiraci\u00f3.<\/p>\n<p>El Sr. Nagata s\u2019acomiada de la fam\u00edlia i amb la seva bicicleta fa una trepidant volta al m\u00f3n. El Sr. Nagata visita pa\u00efsos plens de colors, aromes i sons que mai abans no havia vist ni sentit. A cada parada, fa nous amics que li expliquen hist\u00f2ries i li canten can\u00e7ons.<\/p>\n<p><img loading=\"lazy\" decoding=\"async\" class=\"aligncenter size-full wp-image-1424\" src=\"http:\/\/blocs.xtec.cat\/escolapablopicasso\/files\/2015\/03\/foto3.jpeg\" alt=\"foto3\" width=\"275\" height=\"183\" \/><a href=\"http:\/\/blocs.xtec.cat\/escolapablopicasso\/files\/2015\/03\/foto.jpeg\"><img loading=\"lazy\" decoding=\"async\" class=\"aligncenter size-medium wp-image-1425\" src=\"http:\/\/blocs.xtec.cat\/escolapablopicasso\/files\/2015\/03\/foto.jpeg\" alt=\"foto\" width=\"240\" height=\"180\" \/><\/a><a href=\"http:\/\/blocs.xtec.cat\/escolapablopicasso\/files\/2015\/03\/foto2.jpeg\"><img loading=\"lazy\" decoding=\"async\" class=\"aligncenter size-medium wp-image-1426\" src=\"http:\/\/blocs.xtec.cat\/escolapablopicasso\/files\/2015\/03\/foto2.jpeg\" alt=\"foto2\" width=\"220\" height=\"200\" \/><\/a><\/p>\n<p>Aqu\u00ed podeu veure una petita mostra:<\/p>\n<p><iframe loading=\"lazy\" src=\"\/\/www.youtube.com\/embed\/xhePkp-O2Ek\" width=\"425\" height=\"350\"><\/iframe><\/p>\n","protected":false},"excerpt":{"rendered":"<p>Aquest mat\u00ed els alumnes de Primer i Segon hem anat al TMC a veure l\u2019espectacle musical \u201cEl viatge del senyor Nagata\u201d<br \/>\nEl Sr. Nagata \u00e9s un aut\u00e8ntic gaito kamishibaiya, un conta-contes japon\u00e8s. Amb la seva bicicleta i un teatre de paper recorre els barris de T\u00f2quio&hellip;  <a href=\"https:\/\/agora.xtec.cat\/escolapablopicasso\/general\/el-viatge-del-senyor-nagata\/\" title=\"Read EL VIATGE DEL SENYOR NAGATA\">Llegeix m\u00e9s\u00bb<\/a><\/p>\n","protected":false},"author":1,"featured_media":0,"comment_status":"open","ping_status":"open","sticky":false,"template":"","format":"standard","meta":{"_bbp_topic_count":0,"_bbp_reply_count":0,"_bbp_total_topic_count":0,"_bbp_total_reply_count":0,"_bbp_voice_count":0,"_bbp_anonymous_reply_count":0,"_bbp_topic_count_hidden":0,"_bbp_reply_count_hidden":0,"_bbp_forum_subforum_count":0,"footnotes":""},"categories":[10,11,1,24,30],"tags":[],"class_list":["post-1476","post","type-post","status-publish","format-standard","hentry","category-1r","category-2n","category-general","category-musica","category-sortides"],"post_mailing_queue_ids":[],"_links":{"self":[{"href":"https:\/\/agora.xtec.cat\/escolapablopicasso\/wp-json\/wp\/v2\/posts\/1476","targetHints":{"allow":["GET"]}}],"collection":[{"href":"https:\/\/agora.xtec.cat\/escolapablopicasso\/wp-json\/wp\/v2\/posts"}],"about":[{"href":"https:\/\/agora.xtec.cat\/escolapablopicasso\/wp-json\/wp\/v2\/types\/post"}],"author":[{"embeddable":true,"href":"https:\/\/agora.xtec.cat\/escolapablopicasso\/wp-json\/wp\/v2\/users\/1"}],"replies":[{"embeddable":true,"href":"https:\/\/agora.xtec.cat\/escolapablopicasso\/wp-json\/wp\/v2\/comments?post=1476"}],"version-history":[{"count":1,"href":"https:\/\/agora.xtec.cat\/escolapablopicasso\/wp-json\/wp\/v2\/posts\/1476\/revisions"}],"predecessor-version":[{"id":1477,"href":"https:\/\/agora.xtec.cat\/escolapablopicasso\/wp-json\/wp\/v2\/posts\/1476\/revisions\/1477"}],"wp:attachment":[{"href":"https:\/\/agora.xtec.cat\/escolapablopicasso\/wp-json\/wp\/v2\/media?parent=1476"}],"wp:term":[{"taxonomy":"category","embeddable":true,"href":"https:\/\/agora.xtec.cat\/escolapablopicasso\/wp-json\/wp\/v2\/categories?post=1476"},{"taxonomy":"post_tag","embeddable":true,"href":"https:\/\/agora.xtec.cat\/escolapablopicasso\/wp-json\/wp\/v2\/tags?post=1476"}],"curies":[{"name":"wp","href":"https:\/\/api.w.org\/{rel}","templated":true}]}}