{"id":1470,"date":"2015-03-21T18:45:28","date_gmt":"2015-03-21T17:45:28","guid":{"rendered":"http:\/\/agora.xtec.cat\/escolapablopicasso\/?p=1470"},"modified":"2015-11-04T23:56:36","modified_gmt":"2015-11-04T22:56:36","slug":"el-monstre-de-colors","status":"publish","type":"post","link":"https:\/\/agora.xtec.cat\/escolapablopicasso\/general\/el-monstre-de-colors\/","title":{"rendered":"EL MONSTRE DE COLORS"},"content":{"rendered":"<p>Hola fam\u00edlies!<br \/>\nRecordeu la frase &#8220;Tinc por dels monstres?\u201d<br \/>\nA partir d\u2019aqu\u00ed va sortir un mini projecte d\u2019educacio emocional relacionat amb alguns dels sentiments dels vostres fills\/es.<br \/>\nUn conte va arribar una tarda a la clase i en ell es veia un petit monstre, un petit monstre de colors. Havia de ser dolent?<br \/>\nPer qu\u00e8? Vam descobrir que era un monstre buf\u00f3, encantador i entranyable que va encantar als vostres fills i filles. I el m\u00e9s important, vam descubrir que era un monstre BO!!!<br \/>\nUn monstre ple de sentiments barrejats al que li hav\u00edem d\u2019ajudar a posar ordre!<br \/>\nTant va agradar que ens vam posar i\u2026 unes caixetes, una \u00e0via col.laboradora i tax\u00e1n tax\u00e1n!<br \/>\nTenim el nostre monstre de colors que vigila les nostres caixes de les emocions! En elles els petits\/es poden plasmar all\u00f2 que senten i compartir-lo amb els companys\/es!<br \/>\nI el m\u00e9s important, amb la vostra ajuda!<br \/>\nGr\u00e0cies papas i mamas per aconseguir fer realitat aquestes petites coses!<br \/>\nEstem gaudint molt amb all\u00f2 que escriuen i comparteixen!<br \/>\nContinueu donant vida a aquest mini projecte de \u201cEl monstre de colors\u201d de Anna Llenas.<\/p>\n<p><iframe loading=\"lazy\" src=\"\/\/www.youtube.com\/embed\/y0Hapx9ZNso\" width=\"425\" height=\"350\"><\/iframe><\/p>\n","protected":false},"excerpt":{"rendered":"<p>Hola fam\u00edlies!<br \/>\nRecordeu la frase &#8220;Tinc por dels monstres?\u201d<br \/>\nA partir d\u2019aqu\u00ed va sortir un mini projecte d\u2019educacio emocional relacionat amb alguns dels sentiments dels vostres fills\/es.<br \/>\nUn conte va arribar una tarda a la clase i en ell es veia un petit monstre, un petit monstre de&hellip;  <a href=\"https:\/\/agora.xtec.cat\/escolapablopicasso\/general\/el-monstre-de-colors\/\" title=\"Read EL MONSTRE DE COLORS\">Llegeix m\u00e9s\u00bb<\/a><\/p>\n","protected":false},"author":1,"featured_media":0,"comment_status":"open","ping_status":"open","sticky":false,"template":"","format":"standard","meta":{"_bbp_topic_count":0,"_bbp_reply_count":0,"_bbp_total_topic_count":0,"_bbp_total_reply_count":0,"_bbp_voice_count":0,"_bbp_anonymous_reply_count":0,"_bbp_topic_count_hidden":0,"_bbp_reply_count_hidden":0,"_bbp_forum_subforum_count":0,"footnotes":""},"categories":[1,9],"tags":[],"class_list":["post-1470","post","type-post","status-publish","format-standard","hentry","category-general","category-i5"],"post_mailing_queue_ids":[],"_links":{"self":[{"href":"https:\/\/agora.xtec.cat\/escolapablopicasso\/wp-json\/wp\/v2\/posts\/1470","targetHints":{"allow":["GET"]}}],"collection":[{"href":"https:\/\/agora.xtec.cat\/escolapablopicasso\/wp-json\/wp\/v2\/posts"}],"about":[{"href":"https:\/\/agora.xtec.cat\/escolapablopicasso\/wp-json\/wp\/v2\/types\/post"}],"author":[{"embeddable":true,"href":"https:\/\/agora.xtec.cat\/escolapablopicasso\/wp-json\/wp\/v2\/users\/1"}],"replies":[{"embeddable":true,"href":"https:\/\/agora.xtec.cat\/escolapablopicasso\/wp-json\/wp\/v2\/comments?post=1470"}],"version-history":[{"count":1,"href":"https:\/\/agora.xtec.cat\/escolapablopicasso\/wp-json\/wp\/v2\/posts\/1470\/revisions"}],"predecessor-version":[{"id":1471,"href":"https:\/\/agora.xtec.cat\/escolapablopicasso\/wp-json\/wp\/v2\/posts\/1470\/revisions\/1471"}],"wp:attachment":[{"href":"https:\/\/agora.xtec.cat\/escolapablopicasso\/wp-json\/wp\/v2\/media?parent=1470"}],"wp:term":[{"taxonomy":"category","embeddable":true,"href":"https:\/\/agora.xtec.cat\/escolapablopicasso\/wp-json\/wp\/v2\/categories?post=1470"},{"taxonomy":"post_tag","embeddable":true,"href":"https:\/\/agora.xtec.cat\/escolapablopicasso\/wp-json\/wp\/v2\/tags?post=1470"}],"curies":[{"name":"wp","href":"https:\/\/api.w.org\/{rel}","templated":true}]}}