{"id":1375,"date":"2015-03-03T14:44:16","date_gmt":"2015-03-03T13:44:16","guid":{"rendered":"http:\/\/blocs.xtec.cat\/escolapablopicasso\/?p=1284"},"modified":"2016-04-18T12:40:54","modified_gmt":"2016-04-18T11:40:54","slug":"els-nens-i-nenes-de-p-4-vam-visitar-el-cram","status":"publish","type":"post","link":"https:\/\/agora.xtec.cat\/escolapablopicasso\/general\/els-nens-i-nenes-de-p-4-vam-visitar-el-cram\/","title":{"rendered":"ELS NENS I NENES DE P-4 VAM VISITAR EL CRAM"},"content":{"rendered":"<p>Els nens i nenes de P-4 vam anar a con\u00e8ixer el CRAM, el centre de recuperaci\u00f3 i conservaci\u00f3 d\u2019animals marins que hi ha al Prat de Llobregat.<\/p>\n<p>Vam aprendre un munt de coses i vam fer el conte de la foca Brisa que ens va agradar molt.<\/p>\n<p>\u00c9s molt important que tinguem cura del nostre entorn i no deixem bosses de pl\u00e0stic ni brossa a la platja, aquestes poden anar a parar al mar i ser un veritable perill per els animals que viuen all\u00e0.<\/p>\n<p>Tamb\u00e9 vam anar a con\u00e8ixer les tortugues que hi ha al CRAM, algunes d\u2019elles s\u2019hauran de quedar a viure all\u00e0 per sempre.<\/p>\n<p>Fins i tot, ens vam fer una foto amb un taur\u00f3\u2026<\/p>\n<p>A continuaci\u00f3 us deixem un recull de fotografies per compartir amb vosaltres el mat\u00ed tan fant\u00e0stic que vam passar i totes les activitats divertides que vam fer.<\/p>\n<p><iframe loading=\"lazy\" src=\"\/\/www.youtube.com\/embed\/x1NDjzu4QdA\" width=\"425\" height=\"350\"><\/iframe><\/p>\n<p><iframe loading=\"lazy\" title=\"CRAM\" width=\"500\" height=\"281\" src=\"https:\/\/www.youtube.com\/embed\/Q4EgMRJCMSw?feature=oembed\" frameborder=\"0\" allow=\"accelerometer; autoplay; clipboard-write; encrypted-media; gyroscope; picture-in-picture; web-share\" referrerpolicy=\"strict-origin-when-cross-origin\" allowfullscreen><\/iframe><\/p>\n","protected":false},"excerpt":{"rendered":"<p>Els nens i nenes de P-4 vam anar a con\u00e8ixer el CRAM, el centre de recuperaci\u00f3 i conservaci\u00f3 d\u2019animals marins que hi ha al Prat de Llobregat.<br \/>\nVam aprendre un munt de coses i vam fer el conte de la foca Brisa que ens va agradar&hellip;  <a href=\"https:\/\/agora.xtec.cat\/escolapablopicasso\/general\/els-nens-i-nenes-de-p-4-vam-visitar-el-cram\/\" title=\"Read ELS NENS I NENES DE P-4 VAM VISITAR EL CRAM\">Llegeix m\u00e9s\u00bb<\/a><\/p>\n","protected":false},"author":4,"featured_media":0,"comment_status":"open","ping_status":"open","sticky":false,"template":"","format":"standard","meta":{"_bbp_topic_count":0,"_bbp_reply_count":0,"_bbp_total_topic_count":0,"_bbp_total_reply_count":0,"_bbp_voice_count":0,"_bbp_anonymous_reply_count":0,"_bbp_topic_count_hidden":0,"_bbp_reply_count_hidden":0,"_bbp_forum_subforum_count":0,"footnotes":""},"categories":[1,8,2,30],"tags":[],"class_list":["post-1375","post","type-post","status-publish","format-standard","hentry","category-general","category-i4","category-infantil","category-sortides"],"post_mailing_queue_ids":[],"_links":{"self":[{"href":"https:\/\/agora.xtec.cat\/escolapablopicasso\/wp-json\/wp\/v2\/posts\/1375","targetHints":{"allow":["GET"]}}],"collection":[{"href":"https:\/\/agora.xtec.cat\/escolapablopicasso\/wp-json\/wp\/v2\/posts"}],"about":[{"href":"https:\/\/agora.xtec.cat\/escolapablopicasso\/wp-json\/wp\/v2\/types\/post"}],"author":[{"embeddable":true,"href":"https:\/\/agora.xtec.cat\/escolapablopicasso\/wp-json\/wp\/v2\/users\/4"}],"replies":[{"embeddable":true,"href":"https:\/\/agora.xtec.cat\/escolapablopicasso\/wp-json\/wp\/v2\/comments?post=1375"}],"version-history":[{"count":2,"href":"https:\/\/agora.xtec.cat\/escolapablopicasso\/wp-json\/wp\/v2\/posts\/1375\/revisions"}],"predecessor-version":[{"id":2800,"href":"https:\/\/agora.xtec.cat\/escolapablopicasso\/wp-json\/wp\/v2\/posts\/1375\/revisions\/2800"}],"wp:attachment":[{"href":"https:\/\/agora.xtec.cat\/escolapablopicasso\/wp-json\/wp\/v2\/media?parent=1375"}],"wp:term":[{"taxonomy":"category","embeddable":true,"href":"https:\/\/agora.xtec.cat\/escolapablopicasso\/wp-json\/wp\/v2\/categories?post=1375"},{"taxonomy":"post_tag","embeddable":true,"href":"https:\/\/agora.xtec.cat\/escolapablopicasso\/wp-json\/wp\/v2\/tags?post=1375"}],"curies":[{"name":"wp","href":"https:\/\/api.w.org\/{rel}","templated":true}]}}