{"id":1371,"date":"2014-12-22T00:34:28","date_gmt":"2014-12-21T23:34:28","guid":{"rendered":"http:\/\/blocs.xtec.cat\/escolapablopicasso\/?p=1371"},"modified":"2015-11-05T00:01:19","modified_gmt":"2015-11-04T23:01:19","slug":"el-nostre-concert","status":"publish","type":"post","link":"https:\/\/agora.xtec.cat\/escolapablopicasso\/general\/el-nostre-concert\/","title":{"rendered":"El nostre concert!"},"content":{"rendered":"<p>Avui, dilluns 22 de desembre, hem fet el nostre concert perqu\u00e8 aix\u00ed tots\/es els\/les alumnes de l&#8217;escola puguin gaudir de les can\u00e7ons que durant tot el trimestre han estat treballant!<\/p>\n<p>Aqu\u00ed teniu la can\u00e7\u00f3 conjunta, com la canten tots\/es!!!<\/p>\n<p><iframe loading=\"lazy\" src=\"\/\/www.youtube.com\/embed\/EdjfZ42D1i0\" width=\"425\" height=\"350\"><\/iframe><\/p>\n","protected":false},"excerpt":{"rendered":"<p>Avui, dilluns 22 de desembre, hem fet el nostre concert perqu\u00e8 aix\u00ed tots\/es els\/les alumnes de l&#8217;escola puguin gaudir de les can\u00e7ons que durant tot el trimestre han estat treballant!<br \/>\nAqu\u00ed teniu la can\u00e7\u00f3 conjunta, com la canten tots\/es!!!<\/p>\n","protected":false},"author":3,"featured_media":0,"comment_status":"open","ping_status":"open","sticky":false,"template":"","format":"standard","meta":{"_bbp_topic_count":0,"_bbp_reply_count":0,"_bbp_total_topic_count":0,"_bbp_total_reply_count":0,"_bbp_voice_count":0,"_bbp_anonymous_reply_count":0,"_bbp_topic_count_hidden":0,"_bbp_reply_count_hidden":0,"_bbp_forum_subforum_count":0,"footnotes":""},"categories":[23,1,24,4],"tags":[],"class_list":["post-1371","post","type-post","status-publish","format-standard","hentry","category-nadal","category-general","category-musica","category-portada"],"post_mailing_queue_ids":[],"_links":{"self":[{"href":"https:\/\/agora.xtec.cat\/escolapablopicasso\/wp-json\/wp\/v2\/posts\/1371","targetHints":{"allow":["GET"]}}],"collection":[{"href":"https:\/\/agora.xtec.cat\/escolapablopicasso\/wp-json\/wp\/v2\/posts"}],"about":[{"href":"https:\/\/agora.xtec.cat\/escolapablopicasso\/wp-json\/wp\/v2\/types\/post"}],"author":[{"embeddable":true,"href":"https:\/\/agora.xtec.cat\/escolapablopicasso\/wp-json\/wp\/v2\/users\/3"}],"replies":[{"embeddable":true,"href":"https:\/\/agora.xtec.cat\/escolapablopicasso\/wp-json\/wp\/v2\/comments?post=1371"}],"version-history":[{"count":2,"href":"https:\/\/agora.xtec.cat\/escolapablopicasso\/wp-json\/wp\/v2\/posts\/1371\/revisions"}],"predecessor-version":[{"id":1429,"href":"https:\/\/agora.xtec.cat\/escolapablopicasso\/wp-json\/wp\/v2\/posts\/1371\/revisions\/1429"}],"wp:attachment":[{"href":"https:\/\/agora.xtec.cat\/escolapablopicasso\/wp-json\/wp\/v2\/media?parent=1371"}],"wp:term":[{"taxonomy":"category","embeddable":true,"href":"https:\/\/agora.xtec.cat\/escolapablopicasso\/wp-json\/wp\/v2\/categories?post=1371"},{"taxonomy":"post_tag","embeddable":true,"href":"https:\/\/agora.xtec.cat\/escolapablopicasso\/wp-json\/wp\/v2\/tags?post=1371"}],"curies":[{"name":"wp","href":"https:\/\/api.w.org\/{rel}","templated":true}]}}