{"id":1366,"date":"2015-03-09T08:59:09","date_gmt":"2015-03-09T07:59:09","guid":{"rendered":"http:\/\/blocs.xtec.cat\/escolapablopicasso\/?p=1366"},"modified":"2015-03-09T08:59:09","modified_gmt":"2015-03-09T07:59:09","slug":"exposicio-picasso-2015","status":"publish","type":"post","link":"https:\/\/agora.xtec.cat\/escolapablopicasso\/general\/exposicio-picasso-2015\/","title":{"rendered":"Exposici\u00f3 Picasso 2015!"},"content":{"rendered":"<p>Des d&#8217;octubre fins al febrer, els nostres alumnes han estat treballant la vida i obres de Pablo Picasso. Cada cicle s&#8217;ha encarregat d&#8217;una \u00e8poca:<\/p>\n<ul>\n<li>Cicle Infantil (P3, P4 i P5) = \u00c8poca blava<\/li>\n<li>Cicle Inicial (1r i 2n) = \u00c8poca rosa<\/li>\n<li>Cicle Mitj\u00e0 (3r i 4t) = \u00c8poca cubista<\/li>\n<li>Cicle Superior (5\u00e8 i 6\u00e8) = \u00c8poca expressionista<\/li>\n<\/ul>\n<p>Aqu\u00ed teniu com els i les mestres l&#8217;hem anat preparant perqu\u00e8 aquesta setmana la pogu\u00e9ssiu veure. Aquest \u00e9s el resultat final! Si \u00e9s que els nostres alumnes s\u00f3n uns\/es artistes!!!!!<\/p>\n<p><embed type=\"application\/x-shockwave-flash\" src=\"https:\/\/photos.gstatic.com\/media\/slideshow.swf\" width=\"600\" height=\"400\" flashvars=\"host=picasaweb.google.com&#038;hl=en_US&#038;feat=flashalbum&#038;RGB=0x000000&#038;feed=https%3A%2F%2Fpicasaweb.google.com%2Fdata%2Ffeed%2Fapi%2Fuser%2F112143533400833678857%2Falbumid%2F6126198745263848993%3Falt%3Drss%26kind%3Dphoto%26authkey%3DGv1sRgCI-u7869_YnyiAE%26hl%3Den_US\" pluginspage=\"http:\/\/www.macromedia.com\/go\/getflashplayer\"><\/embed><\/p>\n","protected":false},"excerpt":{"rendered":"<p>Des d&#8217;octubre fins al febrer, els nostres alumnes han estat treballant la vida i obres de Pablo Picasso. Cada cicle s&#8217;ha encarregat d&#8217;una \u00e8poca:<\/p>\n<ul>\n<li>Cicle Infantil (P3, P4 i P5) = \u00c8poca blava<\/li>\n<li>Cicle Inicial (1r i 2n) = \u00c8poca rosa<\/li>\n<li>Cicle Mitj\u00e0 (3r i 4t) = \u00c8poca&hellip;  <a href=\"https:\/\/agora.xtec.cat\/escolapablopicasso\/general\/exposicio-picasso-2015\/\" title=\"Read Exposici\u00f3 Picasso 2015!\">Llegeix m\u00e9s\u00bb<\/a><br \/>\n","protected":false},"author":3,"featured_media":0,"comment_status":"open","ping_status":"open","sticky":false,"template":"","format":"standard","meta":{"_bbp_topic_count":0,"_bbp_reply_count":0,"_bbp_total_topic_count":0,"_bbp_total_reply_count":0,"_bbp_voice_count":0,"_bbp_anonymous_reply_count":0,"_bbp_topic_count_hidden":0,"_bbp_reply_count_hidden":0,"_bbp_forum_subforum_count":0,"footnotes":""},"categories":[1],"tags":[],"class_list":["post-1366","post","type-post","status-publish","format-standard","hentry","category-general"],"post_mailing_queue_ids":[],"_links":{"self":[{"href":"https:\/\/agora.xtec.cat\/escolapablopicasso\/wp-json\/wp\/v2\/posts\/1366","targetHints":{"allow":["GET"]}}],"collection":[{"href":"https:\/\/agora.xtec.cat\/escolapablopicasso\/wp-json\/wp\/v2\/posts"}],"about":[{"href":"https:\/\/agora.xtec.cat\/escolapablopicasso\/wp-json\/wp\/v2\/types\/post"}],"author":[{"embeddable":true,"href":"https:\/\/agora.xtec.cat\/escolapablopicasso\/wp-json\/wp\/v2\/users\/3"}],"replies":[{"embeddable":true,"href":"https:\/\/agora.xtec.cat\/escolapablopicasso\/wp-json\/wp\/v2\/comments?post=1366"}],"version-history":[{"count":0,"href":"https:\/\/agora.xtec.cat\/escolapablopicasso\/wp-json\/wp\/v2\/posts\/1366\/revisions"}],"wp:attachment":[{"href":"https:\/\/agora.xtec.cat\/escolapablopicasso\/wp-json\/wp\/v2\/media?parent=1366"}],"wp:term":[{"taxonomy":"category","embeddable":true,"href":"https:\/\/agora.xtec.cat\/escolapablopicasso\/wp-json\/wp\/v2\/categories?post=1366"},{"taxonomy":"post_tag","embeddable":true,"href":"https:\/\/agora.xtec.cat\/escolapablopicasso\/wp-json\/wp\/v2\/tags?post=1366"}],"curies":[{"name":"wp","href":"https:\/\/api.w.org\/{rel}","templated":true}]}}