{"id":1352,"date":"2015-03-13T18:42:28","date_gmt":"2015-03-13T17:42:28","guid":{"rendered":"http:\/\/blocs.xtec.cat\/escolapablopicasso\/?p=1352"},"modified":"2015-11-04T23:57:03","modified_gmt":"2015-11-04T22:57:03","slug":"jornades-atletiques-de-6e","status":"publish","type":"post","link":"https:\/\/agora.xtec.cat\/escolapablopicasso\/general\/jornades-atletiques-de-6e\/","title":{"rendered":"Jornades atl\u00e8tiques -6\u00e8!"},"content":{"rendered":"<p>Avui els i les alumnes de 6\u00e8 han anat a les Jornades atl\u00e8tiques que cada any organitzen els i les mestres d&#8217;Educaci\u00f3 F\u00edsica de les escoles de Barber\u00e0 i Badia del Vall\u00e8s. All\u00e0 han fet curses de 60, 110 i 800m, han fet relleus, frisbee, salts, etc.<\/p>\n<p>Ho han fet molt b\u00e9 tots! Bastants han passat a la final i fins i tot, alguns dels nostres alumnes han guanyat! Felicitats a tots\/es els que heu participat! Ho heu fet molt b\u00e9!!!<\/p>\n<p><embed width=\"600\" height=\"400\" type=\"application\/x-shockwave-flash\" src=\"https:\/\/photos.gstatic.com\/media\/slideshow.swf\" flashvars=\"host=picasaweb.google.com&amp;hl=en_US&amp;feat=flashalbum&amp;RGB=0x000000&amp;feed=https%3A%2F%2Fpicasaweb.google.com%2Fdata%2Ffeed%2Fapi%2Fuser%2F112143533400833678857%2Falbumid%2F6126154783698509393%3Falt%3Drss%26kind%3Dphoto%26authkey%3DGv1sRgCMT-99Ga_P6QCw%26hl%3Den_US\" pluginspage=\"http:\/\/www.macromedia.com\/go\/getflashplayer\"><\/embed><\/p>\n<p>Tamb\u00e9 a m\u00e9s, vam con\u00e9ixer als nostres &#8220;Pen friends&#8221; de Can Serra. Aquesta mateixa setmana hav\u00edem rebut les seves cartes. Alguns estaven una mica vergonyosos i d&#8217;altres, van fer-se amics, fins i tot!<\/p>\n<p><embed width=\"600\" height=\"400\" type=\"application\/x-shockwave-flash\" src=\"https:\/\/photos.gstatic.com\/media\/slideshow.swf\" flashvars=\"host=picasaweb.google.com&amp;hl=en_US&amp;feat=flashalbum&amp;RGB=0x000000&amp;feed=https%3A%2F%2Fpicasaweb.google.com%2Fdata%2Ffeed%2Fapi%2Fuser%2F112143533400833678857%2Falbumid%2F6126167377155381825%3Falt%3Drss%26kind%3Dphoto%26authkey%3DGv1sRgCImhvO38gPSaPw%26hl%3Den_US\" pluginspage=\"http:\/\/www.macromedia.com\/go\/getflashplayer\"><\/embed><\/p>\n","protected":false},"excerpt":{"rendered":"<p>Avui els i les alumnes de 6\u00e8 han anat a les Jornades atl\u00e8tiques que cada any organitzen els i les mestres d&#8217;Educaci\u00f3 F\u00edsica de les escoles de Barber\u00e0 i Badia del Vall\u00e8s. All\u00e0 han fet curses de 60, 110 i 800m, han fet relleus, frisbee,&hellip;  <a href=\"https:\/\/agora.xtec.cat\/escolapablopicasso\/general\/jornades-atletiques-de-6e\/\" title=\"Read Jornades atl\u00e8tiques -6\u00e8!\">Llegeix m\u00e9s\u00bb<\/a><\/p>\n","protected":false},"author":3,"featured_media":0,"comment_status":"open","ping_status":"open","sticky":false,"template":"","format":"standard","meta":{"_bbp_topic_count":0,"_bbp_reply_count":0,"_bbp_total_topic_count":0,"_bbp_total_reply_count":0,"_bbp_voice_count":0,"_bbp_anonymous_reply_count":0,"_bbp_topic_count_hidden":0,"_bbp_reply_count_hidden":0,"_bbp_forum_subforum_count":0,"footnotes":""},"categories":[15,27,1,30],"tags":[],"class_list":["post-1352","post","type-post","status-publish","format-standard","hentry","category-6e","category-ed-fisica","category-general","category-sortides"],"post_mailing_queue_ids":[],"_links":{"self":[{"href":"https:\/\/agora.xtec.cat\/escolapablopicasso\/wp-json\/wp\/v2\/posts\/1352","targetHints":{"allow":["GET"]}}],"collection":[{"href":"https:\/\/agora.xtec.cat\/escolapablopicasso\/wp-json\/wp\/v2\/posts"}],"about":[{"href":"https:\/\/agora.xtec.cat\/escolapablopicasso\/wp-json\/wp\/v2\/types\/post"}],"author":[{"embeddable":true,"href":"https:\/\/agora.xtec.cat\/escolapablopicasso\/wp-json\/wp\/v2\/users\/3"}],"replies":[{"embeddable":true,"href":"https:\/\/agora.xtec.cat\/escolapablopicasso\/wp-json\/wp\/v2\/comments?post=1352"}],"version-history":[{"count":1,"href":"https:\/\/agora.xtec.cat\/escolapablopicasso\/wp-json\/wp\/v2\/posts\/1352\/revisions"}],"predecessor-version":[{"id":1494,"href":"https:\/\/agora.xtec.cat\/escolapablopicasso\/wp-json\/wp\/v2\/posts\/1352\/revisions\/1494"}],"wp:attachment":[{"href":"https:\/\/agora.xtec.cat\/escolapablopicasso\/wp-json\/wp\/v2\/media?parent=1352"}],"wp:term":[{"taxonomy":"category","embeddable":true,"href":"https:\/\/agora.xtec.cat\/escolapablopicasso\/wp-json\/wp\/v2\/categories?post=1352"},{"taxonomy":"post_tag","embeddable":true,"href":"https:\/\/agora.xtec.cat\/escolapablopicasso\/wp-json\/wp\/v2\/tags?post=1352"}],"curies":[{"name":"wp","href":"https:\/\/api.w.org\/{rel}","templated":true}]}}