{"id":1318,"date":"2015-03-05T17:18:50","date_gmt":"2015-03-05T16:18:50","guid":{"rendered":"http:\/\/blocs.xtec.cat\/escolapablopicasso\/?p=1318"},"modified":"2015-11-04T23:57:19","modified_gmt":"2015-11-04T22:57:19","slug":"sortida-a-can-pou-els-indis","status":"publish","type":"post","link":"https:\/\/agora.xtec.cat\/escolapablopicasso\/general\/sortida-a-can-pou-els-indis\/","title":{"rendered":"Sortida a Can Pou, Els indis&#8230;"},"content":{"rendered":"<p>Mireu&#8230;els\u00a0cavalls i els cargols \u00a0hem anat per primer cop a Can Pou i hem estat tot el dia d&#8217;excursi\u00f3!!!ens ho hem passat molt b\u00e9 i volem repetir l&#8217;exper\u00e8ncia, compartir tots junts petits moments tant importants &#8230; quina alegria!!!&#8230;<\/p>\n<p><iframe loading=\"lazy\" src=\"\/\/www.youtube.com\/embed\/c4oT18NkKKM\" width=\"425\" height=\"350\"><\/iframe><\/p>\n","protected":false},"excerpt":{"rendered":"<p>Mireu&#8230;els\u00a0cavalls i els cargols \u00a0hem anat per primer cop a Can Pou i hem estat tot el dia d&#8217;excursi\u00f3!!!ens ho hem passat molt b\u00e9 i volem repetir l&#8217;exper\u00e8ncia, compartir tots junts petits moments tant importants &#8230; quina alegria!!!&#8230;<\/p>\n","protected":false},"author":4,"featured_media":0,"comment_status":"open","ping_status":"open","sticky":false,"template":"","format":"standard","meta":{"_bbp_topic_count":0,"_bbp_reply_count":0,"_bbp_total_topic_count":0,"_bbp_total_reply_count":0,"_bbp_voice_count":0,"_bbp_anonymous_reply_count":0,"_bbp_topic_count_hidden":0,"_bbp_reply_count_hidden":0,"_bbp_forum_subforum_count":0,"footnotes":""},"categories":[1,3,30],"tags":[],"class_list":["post-1318","post","type-post","status-publish","format-standard","hentry","category-general","category-i3","category-sortides"],"post_mailing_queue_ids":[],"_links":{"self":[{"href":"https:\/\/agora.xtec.cat\/escolapablopicasso\/wp-json\/wp\/v2\/posts\/1318","targetHints":{"allow":["GET"]}}],"collection":[{"href":"https:\/\/agora.xtec.cat\/escolapablopicasso\/wp-json\/wp\/v2\/posts"}],"about":[{"href":"https:\/\/agora.xtec.cat\/escolapablopicasso\/wp-json\/wp\/v2\/types\/post"}],"author":[{"embeddable":true,"href":"https:\/\/agora.xtec.cat\/escolapablopicasso\/wp-json\/wp\/v2\/users\/4"}],"replies":[{"embeddable":true,"href":"https:\/\/agora.xtec.cat\/escolapablopicasso\/wp-json\/wp\/v2\/comments?post=1318"}],"version-history":[{"count":1,"href":"https:\/\/agora.xtec.cat\/escolapablopicasso\/wp-json\/wp\/v2\/posts\/1318\/revisions"}],"predecessor-version":[{"id":1378,"href":"https:\/\/agora.xtec.cat\/escolapablopicasso\/wp-json\/wp\/v2\/posts\/1318\/revisions\/1378"}],"wp:attachment":[{"href":"https:\/\/agora.xtec.cat\/escolapablopicasso\/wp-json\/wp\/v2\/media?parent=1318"}],"wp:term":[{"taxonomy":"category","embeddable":true,"href":"https:\/\/agora.xtec.cat\/escolapablopicasso\/wp-json\/wp\/v2\/categories?post=1318"},{"taxonomy":"post_tag","embeddable":true,"href":"https:\/\/agora.xtec.cat\/escolapablopicasso\/wp-json\/wp\/v2\/tags?post=1318"}],"curies":[{"name":"wp","href":"https:\/\/api.w.org\/{rel}","templated":true}]}}