{"id":1284,"date":"2014-03-11T15:59:46","date_gmt":"2014-03-11T14:59:46","guid":{"rendered":"http:\/\/blocs.xtec.cat\/pablopicassociclesuperior\/?p=166"},"modified":"2015-11-05T00:22:50","modified_gmt":"2015-11-04T23:22:50","slug":"cantania-2014","status":"publish","type":"post","link":"https:\/\/agora.xtec.cat\/escolapablopicasso\/general\/cantania-2014\/","title":{"rendered":"Cant\u00e0nia 2014!"},"content":{"rendered":"<p>Com ja sabeu, els\/les alumnes de 5\u00e8 preparen la Cant\u00e0nia durant tot el curs a l&#8217;aula de m\u00fasica. Aquest any el nom de la Cant\u00e0nia \u00e9s &#8220;Rambla Llibertat&#8221;.<\/p>\n<p>Aqu\u00ed podeu veure els v\u00eddeos de totes les can\u00e7ons que els\/les vostres fills\/es canten:<\/p>\n<p><video controls=\"controls\" width=\"300\" height=\"150\"><source src=\"http:\/\/www.youtube.com\/playlist?list=PLKMrwvopchD06lae43nMqL4ZhArjhGV1M\" \/><\/video><\/p>\n","protected":false},"excerpt":{"rendered":"<p>Com ja sabeu, els\/les alumnes de 5\u00e8 preparen la Cant\u00e0nia durant tot el curs a l&#8217;aula de m\u00fasica. Aquest any el nom de la Cant\u00e0nia \u00e9s &#8220;Rambla Llibertat&#8221;.<br \/>\nAqu\u00ed podeu veure els v\u00eddeos de totes les can\u00e7ons que els\/les vostres fills\/es canten:<\/p>\n","protected":false},"author":3,"featured_media":0,"comment_status":"open","ping_status":"open","sticky":false,"template":"","format":"standard","meta":{"_bbp_topic_count":0,"_bbp_reply_count":0,"_bbp_total_topic_count":0,"_bbp_total_reply_count":0,"_bbp_voice_count":0,"_bbp_anonymous_reply_count":0,"_bbp_topic_count_hidden":0,"_bbp_reply_count_hidden":0,"_bbp_forum_subforum_count":0,"footnotes":""},"categories":[14,1,24],"tags":[],"class_list":["post-1284","post","type-post","status-publish","format-standard","hentry","category-5e","category-general","category-musica"],"post_mailing_queue_ids":[],"_links":{"self":[{"href":"https:\/\/agora.xtec.cat\/escolapablopicasso\/wp-json\/wp\/v2\/posts\/1284","targetHints":{"allow":["GET"]}}],"collection":[{"href":"https:\/\/agora.xtec.cat\/escolapablopicasso\/wp-json\/wp\/v2\/posts"}],"about":[{"href":"https:\/\/agora.xtec.cat\/escolapablopicasso\/wp-json\/wp\/v2\/types\/post"}],"author":[{"embeddable":true,"href":"https:\/\/agora.xtec.cat\/escolapablopicasso\/wp-json\/wp\/v2\/users\/3"}],"replies":[{"embeddable":true,"href":"https:\/\/agora.xtec.cat\/escolapablopicasso\/wp-json\/wp\/v2\/comments?post=1284"}],"version-history":[{"count":1,"href":"https:\/\/agora.xtec.cat\/escolapablopicasso\/wp-json\/wp\/v2\/posts\/1284\/revisions"}],"predecessor-version":[{"id":1673,"href":"https:\/\/agora.xtec.cat\/escolapablopicasso\/wp-json\/wp\/v2\/posts\/1284\/revisions\/1673"}],"wp:attachment":[{"href":"https:\/\/agora.xtec.cat\/escolapablopicasso\/wp-json\/wp\/v2\/media?parent=1284"}],"wp:term":[{"taxonomy":"category","embeddable":true,"href":"https:\/\/agora.xtec.cat\/escolapablopicasso\/wp-json\/wp\/v2\/categories?post=1284"},{"taxonomy":"post_tag","embeddable":true,"href":"https:\/\/agora.xtec.cat\/escolapablopicasso\/wp-json\/wp\/v2\/tags?post=1284"}],"curies":[{"name":"wp","href":"https:\/\/api.w.org\/{rel}","templated":true}]}}