{"id":1283,"date":"2014-02-24T15:35:43","date_gmt":"2014-02-24T14:35:43","guid":{"rendered":"http:\/\/blocs.xtec.cat\/pablopicassociclesuperior\/?p=163"},"modified":"2015-11-05T00:23:22","modified_gmt":"2015-11-04T23:23:22","slug":"visita-als-gegants-de-les-escoles-de-barbera","status":"publish","type":"post","link":"https:\/\/agora.xtec.cat\/escolapablopicasso\/general\/visita-als-gegants-de-les-escoles-de-barbera\/","title":{"rendered":"Visita als gegants de les escoles de Barber\u00e0!"},"content":{"rendered":"<p>Com ja sabeu, aquest any \u00e9s<span style=\"color: #000000;\"><b><span style=\"font-family: 'Arial Black';\">\u00a0la XVI Trobada Gegantera d&#8217; Escoles de Catalunya (<a title=\"Trobada gegants \" href=\"http:\/\/blocs.xtec.cat\/gegantsescola2014\/\" target=\"_blank\">m\u00e9s informaci\u00f3 aqu\u00ed<\/a>), concretament el 30 de mar\u00e7. <\/span><\/b><\/span>I nosaltres hi participem, com a escola! L&#8217;escola Miquel Mart\u00ed Pol n\u2019\u00e9s l\u2019escola organitzadora.<\/p>\n<p><a href=\"http:\/\/blocs.xtec.cat\/escolapablopicasso\/files\/2014\/02\/tumblr_n1ijr2QnPd1t6suleo1_1280.jpg\"><img loading=\"lazy\" decoding=\"async\" class=\"aligncenter size-medium wp-image-515\" src=\"http:\/\/blocs.xtec.cat\/escolapablopicasso\/files\/2014\/02\/tumblr_n1ijr2QnPd1t6suleo1_1280-212x300.jpg\" alt=\"tumblr_n1ijr2QnPd1t6suleo1_1280\" width=\"212\" height=\"300\" \/><\/a><\/p>\n<p style=\"color: #eeeeee;\"><span style=\"color: rgb(0, 0, 0);\">La nostra escola tamb\u00e9 hi vol participar i per comen\u00e7ar a engrescar-nos avui hem anat a visitar els gegantons de les escoles de Barber\u00e0 que hi participaran.\u00a0Per\u00f2 els nostres companys de sis\u00e8 ja fa temps que assagen els passos, \u00e9s complicat ballar dins un gegant\u00f3 i volem que ens surti molt b\u00e9.<\/span><\/p>\n<p>Tenim la sort que ens han deixat el Jordi Simpson, un gegant de la colla gegantera de Barber\u00e0. Els divendres uns alumnes de 6\u00e8 van a assajar els balls amb altres alumnes de la resta d&#8217;escoles.<\/p>\n<p>[youtube]http:\/\/youtu.be\/Jpo0jyJ1FTI[\/youtube]<\/p>\n<p>Aqu\u00ed podreu veure la visita als gegants a l&#8217;escola Miquel Mart\u00ed i Pol, que vam fer el dilluns, on aquests alumnes de 6\u00e8 ens explicaven m\u00e9s sobre aquesta trobada, els gegants i a m\u00e9s, van ensenyar-nos els balls!<\/p>\n<p>[youtube]http:\/\/youtu.be\/8kwj-Xo8w9Q[\/youtube]<\/p>\n<p>[youtube]http:\/\/youtu.be\/rqyqvWLR17U[\/youtube]<\/p>\n<p>[youtube]http:\/\/youtu.be\/2NGY_x766-I[\/youtube]<\/p>\n<p><embed width=\"600\" height=\"400\" type=\"application\/x-shockwave-flash\" src=\"https:\/\/photos.gstatic.com\/media\/slideshow.swf\" flashvars=\"host=picasaweb.google.com&amp;hl=es&amp;feat=flashalbum&amp;RGB=0x000000&amp;feed=https%3A%2F%2Fpicasaweb.google.com%2Fdata%2Ffeed%2Fapi%2Fuser%2F114407546603783380430%2Falbumid%2F5989553621198211969%3Falt%3Drss%26kind%3Dphoto%26authkey%3DGv1sRgCLi8pvnK1r_6Tw%26hl%3Des\" pluginspage=\"http:\/\/www.macromedia.com\/go\/getflashplayer\"><\/embed><\/p>\n<p>PARES I MARES, NENS I NENES el dia 30 DE MAR\u00c7 TOTS A LA FESTA GEGANTERA, ENS HO PASSAREM MOLT B\u00c9!!!!!<\/p>\n","protected":false},"excerpt":{"rendered":"<p>Com ja sabeu, aquest any \u00e9s\u00a0la XVI Trobada Gegantera d&#8217; Escoles de Catalunya (<a title=\"Trobada gegants \" href=\"http:\/\/blocs.xtec.cat\/gegantsescola2014\/\" target=\"_blank\">m\u00e9s informaci\u00f3 aqu\u00ed<\/a>), concretament el 30 de mar\u00e7. I nosaltres hi participem, com a escola! L&#8217;escola Miquel Mart\u00ed Pol n\u2019\u00e9s l\u2019escola organitzadora.<br \/>\n<a href=\"http:\/\/blocs.xtec.cat\/escolapablopicasso\/files\/2014\/02\/tumblr_n1ijr2QnPd1t6suleo1_1280.jpg\"><\/a><br \/>\nLa nostra escola tamb\u00e9 hi&hellip;  <a href=\"https:\/\/agora.xtec.cat\/escolapablopicasso\/general\/visita-als-gegants-de-les-escoles-de-barbera\/\" title=\"Read Visita als gegants de les escoles de Barber\u00e0!\">Llegeix m\u00e9s\u00bb<\/a><\/p>\n","protected":false},"author":3,"featured_media":0,"comment_status":"open","ping_status":"open","sticky":false,"template":"","format":"standard","meta":{"_bbp_topic_count":0,"_bbp_reply_count":0,"_bbp_total_topic_count":0,"_bbp_total_reply_count":0,"_bbp_voice_count":0,"_bbp_anonymous_reply_count":0,"_bbp_topic_count_hidden":0,"_bbp_reply_count_hidden":0,"_bbp_forum_subforum_count":0,"footnotes":""},"categories":[23,1],"tags":[],"class_list":["post-1283","post","type-post","status-publish","format-standard","hentry","category-nadal","category-general"],"post_mailing_queue_ids":[],"_links":{"self":[{"href":"https:\/\/agora.xtec.cat\/escolapablopicasso\/wp-json\/wp\/v2\/posts\/1283","targetHints":{"allow":["GET"]}}],"collection":[{"href":"https:\/\/agora.xtec.cat\/escolapablopicasso\/wp-json\/wp\/v2\/posts"}],"about":[{"href":"https:\/\/agora.xtec.cat\/escolapablopicasso\/wp-json\/wp\/v2\/types\/post"}],"author":[{"embeddable":true,"href":"https:\/\/agora.xtec.cat\/escolapablopicasso\/wp-json\/wp\/v2\/users\/3"}],"replies":[{"embeddable":true,"href":"https:\/\/agora.xtec.cat\/escolapablopicasso\/wp-json\/wp\/v2\/comments?post=1283"}],"version-history":[{"count":1,"href":"https:\/\/agora.xtec.cat\/escolapablopicasso\/wp-json\/wp\/v2\/posts\/1283\/revisions"}],"predecessor-version":[{"id":2361,"href":"https:\/\/agora.xtec.cat\/escolapablopicasso\/wp-json\/wp\/v2\/posts\/1283\/revisions\/2361"}],"wp:attachment":[{"href":"https:\/\/agora.xtec.cat\/escolapablopicasso\/wp-json\/wp\/v2\/media?parent=1283"}],"wp:term":[{"taxonomy":"category","embeddable":true,"href":"https:\/\/agora.xtec.cat\/escolapablopicasso\/wp-json\/wp\/v2\/categories?post=1283"},{"taxonomy":"post_tag","embeddable":true,"href":"https:\/\/agora.xtec.cat\/escolapablopicasso\/wp-json\/wp\/v2\/tags?post=1283"}],"curies":[{"name":"wp","href":"https:\/\/api.w.org\/{rel}","templated":true}]}}