{"id":1282,"date":"2014-03-05T16:34:06","date_gmt":"2014-03-05T15:34:06","guid":{"rendered":"http:\/\/blocs.xtec.cat\/pablopicassociclesuperior\/?p=155"},"modified":"2015-11-05T00:23:01","modified_gmt":"2015-11-04T23:23:01","slug":"observem-el-cor-els-pulmons-i-la-traquea","status":"publish","type":"post","link":"https:\/\/agora.xtec.cat\/escolapablopicasso\/general\/observem-el-cor-els-pulmons-i-la-traquea\/","title":{"rendered":"Observem el cor, els pulmons i la tr\u00e0quea!"},"content":{"rendered":"<p>Aquest dimecres els alumnes de 5\u00e8 han pogut observar de ben a prop el cor, els pulmons i la tr\u00e0quea d&#8217;un xai.<\/p>\n<p>Primerament, hem preparat el material necessari: els guants, les safates i les pinces.<\/p>\n<p>Seguidament, s&#8217;han repartit un cor, dos pulmons i una tr\u00e0quea (tot junt) a cada grup i hem observat com era cadascuna de les parts, quin tacte tenien, com es connectaven entre les parts&#8230;<\/p>\n<p>Despr\u00e9s, hem comen\u00e7at a diseccionar les parts i hem vist que hi ha dos ventricles, que un \u00e9s m\u00e9s gran que l&#8217;altre, que un \u00e9s m\u00e9s tou que l&#8217;altre, que no estan connectats entre si&#8230;.<\/p>\n<p><iframe loading=\"lazy\" src=\"\/\/www.youtube.com\/embed\/23HtAJlPcmI\" width=\"425\" height=\"350\"><\/iframe><\/p>\n<p>Amb un tub hem bufat a trav\u00e9s de la tr\u00e0quea \u00a0per veure com s&#8217;omplen els pulmons quan respirem!<\/p>\n<p><iframe loading=\"lazy\" src=\"\/\/www.youtube.com\/embed\/o-E_7KLsaus\" width=\"425\" height=\"350\"><\/iframe><\/p>\n<p><embed width=\"600\" height=\"400\" type=\"application\/x-shockwave-flash\" src=\"https:\/\/photos.gstatic.com\/media\/slideshow.swf\" flashvars=\"host=picasaweb.google.com&amp;hl=es&amp;feat=flashalbum&amp;RGB=0x000000&amp;feed=https%3A%2F%2Fpicasaweb.google.com%2Fdata%2Ffeed%2Fapi%2Fuser%2F114407546603783380430%2Falbumid%2F5989551088569050177%3Falt%3Drss%26kind%3Dphoto%26authkey%3DGv1sRgCKCNh_WguOu3VA%26hl%3Des\" pluginspage=\"http:\/\/www.macromedia.com\/go\/getflashplayer\"><\/embed><\/p>\n","protected":false},"excerpt":{"rendered":"<p>Aquest dimecres els alumnes de 5\u00e8 han pogut observar de ben a prop el cor, els pulmons i la tr\u00e0quea d&#8217;un xai.<br \/>\nPrimerament, hem preparat el material necessari: els guants, les safates i les pinces.<br \/>\nSeguidament, s&#8217;han repartit un cor, dos pulmons i una tr\u00e0quea (tot junt)&hellip;  <a href=\"https:\/\/agora.xtec.cat\/escolapablopicasso\/general\/observem-el-cor-els-pulmons-i-la-traquea\/\" title=\"Read Observem el cor, els pulmons i la tr\u00e0quea!\">Llegeix m\u00e9s\u00bb<\/a><\/p>\n","protected":false},"author":3,"featured_media":0,"comment_status":"open","ping_status":"open","sticky":false,"template":"","format":"standard","meta":{"_bbp_topic_count":0,"_bbp_reply_count":0,"_bbp_total_topic_count":0,"_bbp_total_reply_count":0,"_bbp_voice_count":0,"_bbp_anonymous_reply_count":0,"_bbp_topic_count_hidden":0,"_bbp_reply_count_hidden":0,"_bbp_forum_subforum_count":0,"footnotes":""},"categories":[14,15,1,30],"tags":[],"class_list":["post-1282","post","type-post","status-publish","format-standard","hentry","category-5e","category-6e","category-general","category-sortides"],"post_mailing_queue_ids":[],"_links":{"self":[{"href":"https:\/\/agora.xtec.cat\/escolapablopicasso\/wp-json\/wp\/v2\/posts\/1282","targetHints":{"allow":["GET"]}}],"collection":[{"href":"https:\/\/agora.xtec.cat\/escolapablopicasso\/wp-json\/wp\/v2\/posts"}],"about":[{"href":"https:\/\/agora.xtec.cat\/escolapablopicasso\/wp-json\/wp\/v2\/types\/post"}],"author":[{"embeddable":true,"href":"https:\/\/agora.xtec.cat\/escolapablopicasso\/wp-json\/wp\/v2\/users\/3"}],"replies":[{"embeddable":true,"href":"https:\/\/agora.xtec.cat\/escolapablopicasso\/wp-json\/wp\/v2\/comments?post=1282"}],"version-history":[{"count":1,"href":"https:\/\/agora.xtec.cat\/escolapablopicasso\/wp-json\/wp\/v2\/posts\/1282\/revisions"}],"predecessor-version":[{"id":1675,"href":"https:\/\/agora.xtec.cat\/escolapablopicasso\/wp-json\/wp\/v2\/posts\/1282\/revisions\/1675"}],"wp:attachment":[{"href":"https:\/\/agora.xtec.cat\/escolapablopicasso\/wp-json\/wp\/v2\/media?parent=1282"}],"wp:term":[{"taxonomy":"category","embeddable":true,"href":"https:\/\/agora.xtec.cat\/escolapablopicasso\/wp-json\/wp\/v2\/categories?post=1282"},{"taxonomy":"post_tag","embeddable":true,"href":"https:\/\/agora.xtec.cat\/escolapablopicasso\/wp-json\/wp\/v2\/tags?post=1282"}],"curies":[{"name":"wp","href":"https:\/\/api.w.org\/{rel}","templated":true}]}}