{"id":1280,"date":"2014-02-12T22:22:56","date_gmt":"2014-02-12T21:22:56","guid":{"rendered":"http:\/\/blocs.xtec.cat\/pablopicassociclesuperior\/?p=89"},"modified":"2015-11-05T00:25:27","modified_gmt":"2015-11-04T23:25:27","slug":"sortida-de-musica-jazz","status":"publish","type":"post","link":"https:\/\/agora.xtec.cat\/escolapablopicasso\/general\/sortida-de-musica-jazz\/","title":{"rendered":"Sortida de m\u00fasica! Jazz!"},"content":{"rendered":"<p>Hem anat com cada any a gaudir d&#8217;una audici\u00f3 m\u00fasical. Aquest any era sobre el Jazz!<\/p>\n<p>Ens han fet un passeig per totes les \u00e8poques del jazz, des que va sorgir fins ara! I tamb\u00e9 ens han ensenyat els diferents instruments que formen part d&#8217;una banda de jazz! I com sona cada instrument!!!<\/p>\n<p>I com no, tamb\u00e9 hi hem participat, cantant i ballant al ritme que ens marcava la m\u00fasica. Aqu\u00ed teniu les fotos dels nostres alumnes participant-hi!<\/p>\n<p><embed width=\"600\" height=\"400\" type=\"application\/x-shockwave-flash\" src=\"https:\/\/photos.gstatic.com\/media\/slideshow.swf\" flashvars=\"host=picasaweb.google.com&amp;hl=es&amp;feat=flashalbum&amp;RGB=0x000000&amp;feed=https%3A%2F%2Fpicasaweb.google.com%2Fdata%2Ffeed%2Fapi%2Fuser%2F114407546603783380430%2Falbumid%2F5983737862231466689%3Falt%3Drss%26kind%3Dphoto%26authkey%3DGv1sRgCLzim7Hp1vmzmwE%26hl%3Des\" pluginspage=\"http:\/\/www.macromedia.com\/go\/getflashplayer\"><\/embed><\/p>\n<p>I perqu\u00e8 pugueu veure&#8217;ls millor en acci\u00f3, aqu\u00ed teniu dos v\u00eddeos dels vostres fills\/es:<\/p>\n<p style=\"padding-left: 60px;\"><a href=\"https:\/\/drive.google.com\/file\/d\/0B9wonk8D2twlcUwtcVRsajRkTWc\/edit?usp=sharing\" target=\"_blank\"><img loading=\"lazy\" decoding=\"async\" class=\"wp-image-106 alignnone\" style=\"font-size: 16px;\" src=\"http:\/\/blocs.xtec.cat\/escolapablopicasso\/files\/2014\/02\/video-icon-e1393199603630.png\" alt=\"video-icon\" width=\"122\" height=\"95\" \/><\/a>\u00a0 <a title=\"Sortida m\u00fasica 1\" href=\"https:\/\/drive.google.com\/file\/d\/0B9wonk8D2twlcUwtcVRsajRkTWc\/edit?usp=sharing\" target=\"_blank\">V\u00cdDEO 1<\/a> \u00a0 \u00a0 \u00a0 \u00a0 \u00a0\u00a0<a href=\"https:\/\/drive.google.com\/file\/d\/0B9wonk8D2twlSmRDMWpMcFVHbVk\/edit?usp=sharing\" target=\"_blank\"><img loading=\"lazy\" decoding=\"async\" class=\"wp-image-106 alignnone\" style=\"font-size: 12px;\" src=\"http:\/\/blocs.xtec.cat\/escolapablopicasso\/files\/2014\/02\/video-icon-e1393199603630.png\" alt=\"video-icon\" width=\"122\" height=\"95\" \/><\/a>\u00a0<a title=\"Sortida m\u00fasica 2\" href=\"https:\/\/drive.google.com\/file\/d\/0B9wonk8D2twlSmRDMWpMcFVHbVk\/edit?usp=sharing\" target=\"_blank\">V\u00cdDEO 2<\/a><\/p>\n","protected":false},"excerpt":{"rendered":"<p>Hem anat com cada any a gaudir d&#8217;una audici\u00f3 m\u00fasical. Aquest any era sobre el Jazz!<br \/>\nEns han fet un passeig per totes les \u00e8poques del jazz, des que va sorgir fins ara! I tamb\u00e9 ens han ensenyat els diferents instruments que formen part d&#8217;una banda&hellip;  <a href=\"https:\/\/agora.xtec.cat\/escolapablopicasso\/general\/sortida-de-musica-jazz\/\" title=\"Read Sortida de m\u00fasica! Jazz!\">Llegeix m\u00e9s\u00bb<\/a><\/p>\n","protected":false},"author":3,"featured_media":0,"comment_status":"open","ping_status":"open","sticky":false,"template":"","format":"standard","meta":{"_bbp_topic_count":0,"_bbp_reply_count":0,"_bbp_total_topic_count":0,"_bbp_total_reply_count":0,"_bbp_voice_count":0,"_bbp_anonymous_reply_count":0,"_bbp_topic_count_hidden":0,"_bbp_reply_count_hidden":0,"_bbp_forum_subforum_count":0,"footnotes":""},"categories":[14,15,1,24,30],"tags":[],"class_list":["post-1280","post","type-post","status-publish","format-standard","hentry","category-5e","category-6e","category-general","category-musica","category-sortides"],"post_mailing_queue_ids":[],"_links":{"self":[{"href":"https:\/\/agora.xtec.cat\/escolapablopicasso\/wp-json\/wp\/v2\/posts\/1280","targetHints":{"allow":["GET"]}}],"collection":[{"href":"https:\/\/agora.xtec.cat\/escolapablopicasso\/wp-json\/wp\/v2\/posts"}],"about":[{"href":"https:\/\/agora.xtec.cat\/escolapablopicasso\/wp-json\/wp\/v2\/types\/post"}],"author":[{"embeddable":true,"href":"https:\/\/agora.xtec.cat\/escolapablopicasso\/wp-json\/wp\/v2\/users\/3"}],"replies":[{"embeddable":true,"href":"https:\/\/agora.xtec.cat\/escolapablopicasso\/wp-json\/wp\/v2\/comments?post=1280"}],"version-history":[{"count":1,"href":"https:\/\/agora.xtec.cat\/escolapablopicasso\/wp-json\/wp\/v2\/posts\/1280\/revisions"}],"predecessor-version":[{"id":1678,"href":"https:\/\/agora.xtec.cat\/escolapablopicasso\/wp-json\/wp\/v2\/posts\/1280\/revisions\/1678"}],"wp:attachment":[{"href":"https:\/\/agora.xtec.cat\/escolapablopicasso\/wp-json\/wp\/v2\/media?parent=1280"}],"wp:term":[{"taxonomy":"category","embeddable":true,"href":"https:\/\/agora.xtec.cat\/escolapablopicasso\/wp-json\/wp\/v2\/categories?post=1280"},{"taxonomy":"post_tag","embeddable":true,"href":"https:\/\/agora.xtec.cat\/escolapablopicasso\/wp-json\/wp\/v2\/tags?post=1280"}],"curies":[{"name":"wp","href":"https:\/\/api.w.org\/{rel}","templated":true}]}}