{"id":1275,"date":"2013-12-23T19:22:05","date_gmt":"2013-12-23T18:22:05","guid":{"rendered":"http:\/\/blocs.xtec.cat\/pablopicassociclesuperior\/?p=66"},"modified":"2015-11-05T00:27:13","modified_gmt":"2015-11-04T23:27:13","slug":"nadal-a-cicle-superior","status":"publish","type":"post","link":"https:\/\/agora.xtec.cat\/escolapablopicasso\/general\/nadal-a-cicle-superior\/","title":{"rendered":"Ja \u00e9s Nadal!"},"content":{"rendered":"<p>Despr\u00e9s del concert de Nadal, l&#8217;\u00faltim dia van fer diverses activitats:<\/p>\n<ul>\n<li>amic invisible<\/li>\n<li>esmorzar compartit<\/li>\n<li>quinto<\/li>\n<li>lliurar la carta dels desitjos als Reis Mags i fer-se una foto amb ells<\/li>\n<li>i, finalment, acomiadar-se<\/li>\n<\/ul>\n<p>CICLE SUPERIOR. Aqu\u00ed teniu les fotos d&#8217;aquest dia!<\/p>\n<p><embed width=\"600\" height=\"400\" type=\"application\/x-shockwave-flash\" src=\"https:\/\/photos.gstatic.com\/media\/slideshow.swf\" flashvars=\"host=picasaweb.google.com&amp;hl=es&amp;feat=flashalbum&amp;RGB=0x000000&amp;feed=https%3A%2F%2Fpicasaweb.google.com%2Fdata%2Ffeed%2Fapi%2Fuser%2F113881989848520081546%2Falbumid%2F5966217581038720033%3Falt%3Drss%26kind%3Dphoto%26authkey%3DGv1sRgCPW62v3bpIyAfw%26hl%3Des\" pluginspage=\"http:\/\/www.macromedia.com\/go\/getflashplayer\"><\/embed><\/p>\n<p>CICLE MITJ\u00c0. Aqu\u00ed teniu fotos d&#8217;aquest dia.<\/p>\n<p><embed width=\"600\" height=\"400\" type=\"application\/x-shockwave-flash\" src=\"https:\/\/photos.gstatic.com\/media\/slideshow.swf\" flashvars=\"host=picasaweb.google.com&amp;hl=en_US&amp;feat=flashalbum&amp;RGB=0x000000&amp;feed=https%3A%2F%2Fpicasaweb.google.com%2Fdata%2Ffeed%2Fapi%2Fuser%2F112143533400833678857%2Falbumid%2F6074641931289767617%3Falt%3Drss%26kind%3Dphoto%26authkey%3DGv1sRgCIrGwZLCn4XocQ%26hl%3Den_US\" pluginspage=\"http:\/\/www.macromedia.com\/go\/getflashplayer\"><\/embed><\/p>\n","protected":false},"excerpt":{"rendered":"<p>Despr\u00e9s del concert de Nadal, l&#8217;\u00faltim dia van fer diverses activitats:<\/p>\n<ul>\n<li>amic invisible<\/li>\n<li>esmorzar compartit<\/li>\n<li>quinto<\/li>\n<li>lliurar la carta dels desitjos als Reis Mags i fer-se una foto amb ells<\/li>\n<li>i, finalment, acomiadar-se<\/li>\n<\/ul>\n<p>CICLE SUPERIOR. Aqu\u00ed teniu les fotos d&#8217;aquest dia!<\/p>\n<p>CICLE MITJ\u00c0. Aqu\u00ed teniu fotos d&#8217;aquest dia.<\/p>\n","protected":false},"author":3,"featured_media":0,"comment_status":"open","ping_status":"open","sticky":false,"template":"","format":"standard","meta":{"_bbp_topic_count":0,"_bbp_reply_count":0,"_bbp_total_topic_count":0,"_bbp_total_reply_count":0,"_bbp_voice_count":0,"_bbp_anonymous_reply_count":0,"_bbp_topic_count_hidden":0,"_bbp_reply_count_hidden":0,"_bbp_forum_subforum_count":0,"footnotes":""},"categories":[23,1],"tags":[],"class_list":["post-1275","post","type-post","status-publish","format-standard","hentry","category-nadal","category-general"],"post_mailing_queue_ids":[],"_links":{"self":[{"href":"https:\/\/agora.xtec.cat\/escolapablopicasso\/wp-json\/wp\/v2\/posts\/1275","targetHints":{"allow":["GET"]}}],"collection":[{"href":"https:\/\/agora.xtec.cat\/escolapablopicasso\/wp-json\/wp\/v2\/posts"}],"about":[{"href":"https:\/\/agora.xtec.cat\/escolapablopicasso\/wp-json\/wp\/v2\/types\/post"}],"author":[{"embeddable":true,"href":"https:\/\/agora.xtec.cat\/escolapablopicasso\/wp-json\/wp\/v2\/users\/3"}],"replies":[{"embeddable":true,"href":"https:\/\/agora.xtec.cat\/escolapablopicasso\/wp-json\/wp\/v2\/comments?post=1275"}],"version-history":[{"count":1,"href":"https:\/\/agora.xtec.cat\/escolapablopicasso\/wp-json\/wp\/v2\/posts\/1275\/revisions"}],"predecessor-version":[{"id":2363,"href":"https:\/\/agora.xtec.cat\/escolapablopicasso\/wp-json\/wp\/v2\/posts\/1275\/revisions\/2363"}],"wp:attachment":[{"href":"https:\/\/agora.xtec.cat\/escolapablopicasso\/wp-json\/wp\/v2\/media?parent=1275"}],"wp:term":[{"taxonomy":"category","embeddable":true,"href":"https:\/\/agora.xtec.cat\/escolapablopicasso\/wp-json\/wp\/v2\/categories?post=1275"},{"taxonomy":"post_tag","embeddable":true,"href":"https:\/\/agora.xtec.cat\/escolapablopicasso\/wp-json\/wp\/v2\/tags?post=1275"}],"curies":[{"name":"wp","href":"https:\/\/api.w.org\/{rel}","templated":true}]}}