{"id":1271,"date":"2015-02-20T10:27:44","date_gmt":"2015-02-20T09:27:44","guid":{"rendered":"http:\/\/blocs.xtec.cat\/escolapablopicasso\/?p=1271"},"modified":"2015-03-17T01:03:33","modified_gmt":"2015-03-17T00:03:33","slug":"la-setmana-del-planetari","status":"publish","type":"post","link":"https:\/\/agora.xtec.cat\/escolapablopicasso\/portada\/la-setmana-del-planetari\/","title":{"rendered":"La setmana del Planetari!"},"content":{"rendered":"<p>Com ja sabeu, del 17 al 20 de febrer, gr\u00e0cies a l&#8217;Obra Social La Caixa, vam tenir l&#8217;oportunitat de gaudir del Planetari M\u00f2bil gratu\u00eftament. Van passar tots\/es els\/les alumnes de l&#8217;escola i van poder veure com era el cel, quines constel\u00b7lacions hi havia al cel de l&#8217;hivern, quins moviments fa la Terra i el canvi d&#8217;estacions, entre d&#8217;altres coses. \u00a0Ens ho vam passar d&#8217;all\u00f2 m\u00e9s b\u00e9 i vam aprendre molt!<\/p>\n<p>Aqu\u00ed teniu un recull de fotos d&#8217;aquesta setmana:<\/p>\n<p><embed width=\"600\" height=\"400\" type=\"application\/x-shockwave-flash\" src=\"https:\/\/photos.gstatic.com\/media\/slideshow.swf\" flashvars=\"host=picasaweb.google.com&amp;hl=en_US&amp;feat=flashalbum&amp;RGB=0x000000&amp;feed=https%3A%2F%2Fpicasaweb.google.com%2Fdata%2Ffeed%2Fapi%2Fuser%2F112143533400833678857%2Falbumid%2F6119341681244818785%3Falt%3Drss%26kind%3Dphoto%26authkey%3DGv1sRgCOiGtpji-eHAQA%26hl%3Den_US\" pluginspage=\"http:\/\/www.macromedia.com\/go\/getflashplayer\"><\/embed><\/p>\n","protected":false},"excerpt":{"rendered":"<p>Com ja sabeu, del 17 al 20 de febrer, gr\u00e0cies a l&#8217;Obra Social La Caixa, vam tenir l&#8217;oportunitat de gaudir del Planetari M\u00f2bil gratu\u00eftament. Van passar tots\/es els\/les alumnes de l&#8217;escola i van poder veure com era el cel, quines constel\u00b7lacions hi havia al cel&hellip;  <a href=\"https:\/\/agora.xtec.cat\/escolapablopicasso\/portada\/la-setmana-del-planetari\/\" title=\"Read La setmana del Planetari!\">Llegeix m\u00e9s\u00bb<\/a><\/p>\n","protected":false},"author":3,"featured_media":0,"comment_status":"open","ping_status":"open","sticky":false,"template":"","format":"standard","meta":{"_bbp_topic_count":0,"_bbp_reply_count":0,"_bbp_total_topic_count":0,"_bbp_total_reply_count":0,"_bbp_voice_count":0,"_bbp_anonymous_reply_count":0,"_bbp_topic_count_hidden":0,"_bbp_reply_count_hidden":0,"_bbp_forum_subforum_count":0,"footnotes":""},"categories":[4],"tags":[],"class_list":["post-1271","post","type-post","status-publish","format-standard","hentry","category-portada"],"post_mailing_queue_ids":[],"_links":{"self":[{"href":"https:\/\/agora.xtec.cat\/escolapablopicasso\/wp-json\/wp\/v2\/posts\/1271","targetHints":{"allow":["GET"]}}],"collection":[{"href":"https:\/\/agora.xtec.cat\/escolapablopicasso\/wp-json\/wp\/v2\/posts"}],"about":[{"href":"https:\/\/agora.xtec.cat\/escolapablopicasso\/wp-json\/wp\/v2\/types\/post"}],"author":[{"embeddable":true,"href":"https:\/\/agora.xtec.cat\/escolapablopicasso\/wp-json\/wp\/v2\/users\/3"}],"replies":[{"embeddable":true,"href":"https:\/\/agora.xtec.cat\/escolapablopicasso\/wp-json\/wp\/v2\/comments?post=1271"}],"version-history":[{"count":1,"href":"https:\/\/agora.xtec.cat\/escolapablopicasso\/wp-json\/wp\/v2\/posts\/1271\/revisions"}],"predecessor-version":[{"id":1406,"href":"https:\/\/agora.xtec.cat\/escolapablopicasso\/wp-json\/wp\/v2\/posts\/1271\/revisions\/1406"}],"wp:attachment":[{"href":"https:\/\/agora.xtec.cat\/escolapablopicasso\/wp-json\/wp\/v2\/media?parent=1271"}],"wp:term":[{"taxonomy":"category","embeddable":true,"href":"https:\/\/agora.xtec.cat\/escolapablopicasso\/wp-json\/wp\/v2\/categories?post=1271"},{"taxonomy":"post_tag","embeddable":true,"href":"https:\/\/agora.xtec.cat\/escolapablopicasso\/wp-json\/wp\/v2\/tags?post=1271"}],"curies":[{"name":"wp","href":"https:\/\/api.w.org\/{rel}","templated":true}]}}