{"id":1227,"date":"2015-02-04T12:32:13","date_gmt":"2015-02-04T11:32:13","guid":{"rendered":"http:\/\/blocs.xtec.cat\/escolapablopicasso\/?p=1227"},"modified":"2015-02-04T12:32:13","modified_gmt":"2015-02-04T11:32:13","slug":"neva-a-barbera","status":"publish","type":"post","link":"https:\/\/agora.xtec.cat\/escolapablopicasso\/general\/neva-a-barbera\/","title":{"rendered":"Neva a Barber\u00e0!"},"content":{"rendered":"<p>Avui ens hem despertat i a m\u00e9s de fer molt de fred, estava nevant! B\u00e9, ha estat poca estona i la neu no ha pres a terra perqu\u00e8 el terra estava mullat, per\u00f2 ens ha deixat algunes inst\u00e0ntanies maques!<\/p>\n<p>Aqu\u00ed teniu unes poques:<\/p>\n<p><embed width=\"600\" height=\"400\" type=\"application\/x-shockwave-flash\" src=\"https:\/\/photos.gstatic.com\/media\/slideshow.swf\" flashvars=\"host=picasaweb.google.com&amp;hl=en_US&amp;feat=flashalbum&amp;RGB=0x000000&amp;feed=https%3A%2F%2Fpicasaweb.google.com%2Fdata%2Ffeed%2Fapi%2Fuser%2F112143533400833678857%2Falbumid%2F6114981721496660129%3Falt%3Drss%26kind%3Dphoto%26authkey%3DGv1sRgCNXwmtGy9r_weQ%26hl%3Den_US\" pluginspage=\"http:\/\/www.macromedia.com\/go\/getflashplayer\"><\/embed><\/p>\n","protected":false},"excerpt":{"rendered":"<p>Avui ens hem despertat i a m\u00e9s de fer molt de fred, estava nevant! B\u00e9, ha estat poca estona i la neu no ha pres a terra perqu\u00e8 el terra estava mullat, per\u00f2 ens ha deixat algunes inst\u00e0ntanies maques!<br \/>\nAqu\u00ed teniu unes poques:<\/p>\n","protected":false},"author":4,"featured_media":0,"comment_status":"open","ping_status":"open","sticky":false,"template":"","format":"standard","meta":{"_bbp_topic_count":0,"_bbp_reply_count":0,"_bbp_total_topic_count":0,"_bbp_total_reply_count":0,"_bbp_voice_count":0,"_bbp_anonymous_reply_count":0,"_bbp_topic_count_hidden":0,"_bbp_reply_count_hidden":0,"_bbp_forum_subforum_count":0,"footnotes":""},"categories":[1],"tags":[],"class_list":["post-1227","post","type-post","status-publish","format-standard","hentry","category-general"],"post_mailing_queue_ids":[],"_links":{"self":[{"href":"https:\/\/agora.xtec.cat\/escolapablopicasso\/wp-json\/wp\/v2\/posts\/1227","targetHints":{"allow":["GET"]}}],"collection":[{"href":"https:\/\/agora.xtec.cat\/escolapablopicasso\/wp-json\/wp\/v2\/posts"}],"about":[{"href":"https:\/\/agora.xtec.cat\/escolapablopicasso\/wp-json\/wp\/v2\/types\/post"}],"author":[{"embeddable":true,"href":"https:\/\/agora.xtec.cat\/escolapablopicasso\/wp-json\/wp\/v2\/users\/4"}],"replies":[{"embeddable":true,"href":"https:\/\/agora.xtec.cat\/escolapablopicasso\/wp-json\/wp\/v2\/comments?post=1227"}],"version-history":[{"count":0,"href":"https:\/\/agora.xtec.cat\/escolapablopicasso\/wp-json\/wp\/v2\/posts\/1227\/revisions"}],"wp:attachment":[{"href":"https:\/\/agora.xtec.cat\/escolapablopicasso\/wp-json\/wp\/v2\/media?parent=1227"}],"wp:term":[{"taxonomy":"category","embeddable":true,"href":"https:\/\/agora.xtec.cat\/escolapablopicasso\/wp-json\/wp\/v2\/categories?post=1227"},{"taxonomy":"post_tag","embeddable":true,"href":"https:\/\/agora.xtec.cat\/escolapablopicasso\/wp-json\/wp\/v2\/tags?post=1227"}],"curies":[{"name":"wp","href":"https:\/\/api.w.org\/{rel}","templated":true}]}}