{"id":1096,"date":"2014-12-11T15:39:55","date_gmt":"2014-12-11T14:39:55","guid":{"rendered":"http:\/\/blocs.xtec.cat\/escolapablopicasso\/?p=1096"},"modified":"2015-11-05T00:02:23","modified_gmt":"2015-11-04T23:02:23","slug":"sortida-a-fer-oli-p4b","status":"publish","type":"post","link":"https:\/\/agora.xtec.cat\/escolapablopicasso\/general\/sortida-a-fer-oli-p4b\/","title":{"rendered":"SORTIDA A FER OLI P4A I B"},"content":{"rendered":"<p>PER FI&#8230; NO VA PLOURE !!!<\/p>\n<p>I&#8230; EN TEN\u00cdEM MOOOOLTES GANES DE FER LA PRIMERA EXCURSI\u00d3\u00a0 I VAM PODER ANAR A CAN RIBAS (BIGUES I RIELLS).<\/p>\n<p>FEIA MOLT DE FRED, AIX\u00d2 S\u00cd !!!,\u00a0 PER\u00d2 NO EN VAM TENIR JA QUE\u00a0 AN\u00c0VEM BEN\u00a0 ABRIGATS DE\u00a0 CASA I TAMB\u00c9 PERQU\u00c8 L&#8217;ESMORZAR I EL DINAR EL V\u00c0REM FER A UNA SALA MOLT GRAN I MOLT CALENTONA.<\/p>\n<p>ENS VA AGRADAR MOLT PARTICIPAR EN EL PROC\u00c9S ARTES\u00c0 D&#8217;ELABORACI\u00d3 DE L&#8217;OLI.<\/p>\n<p>VAM PICAR LES BRANQUES D&#8217; OLIVERES, RECOLLIR LES OLIVES, PORTAR-LES A LA &#8220;JUANITA&#8221; (UNA M\u00c0QUINA QUE LES TRINXAVA PER FER LA PASTA),\u00a0 POSAR-LA ALS COFINS DE LA PREMSA MANUAL I VEURE COM SURT L&#8217;OLI&#8230; AIX\u00d2 S\u00cd !! BARREJAT AMB AIGUA !!!<\/p>\n<p>FINALMENT ENS VAN EXPLICAR COM ES FA LA\u00a0 DECANTACI\u00d3 PER ELIMINAR L&#8217;AIGUA I,\u00a0 UNA COSA CURIOSA,\u00a0 QUE L&#8217;OLI HA DE &#8220;DORMIR&#8221; UN TEMPS ABANS DE FICAR-LO A LES AMPOLLES.<\/p>\n<p>I&#8230; COM A SORPRESA FINAL&#8230; TOTS FENT UNA GRAN ROTLLANA AL VOLTANT D&#8217;UNA FOGUERA PER TORRAR PA I MENJAR-LO SUCAT AMB OLI !!!!\u00a0 mmmmmmm&#8230; BON\u00cdSSIM.<\/p>\n<p>TAMB\u00c9 VAM VEURE ANIMALS DE GRANJA: CAVALLS, GALLS I GALLINES, PAONS&#8230; I UNES PRECIOSES CABRETES QUE NOM\u00c9S TENIEN TRES DIES MAMANT DE LA MARE.<\/p>\n<p>VA SER UN DIA GENIAL I BEN APROFITAT !!!\u00a0 I AQU\u00cd EN TENIU UNA MOSTRA.<\/p>\n<p><iframe loading=\"lazy\" title=\"Mi presentaci\u00f3n de diapositivas\" width=\"500\" height=\"375\" src=\"https:\/\/www.youtube.com\/embed\/Wrb5P5drclo?feature=oembed\" frameborder=\"0\" allow=\"accelerometer; autoplay; clipboard-write; encrypted-media; gyroscope; picture-in-picture; web-share\" referrerpolicy=\"strict-origin-when-cross-origin\" allowfullscreen><\/iframe><\/p>\n<p><iframe loading=\"lazy\" title=\"Mi presentaci\u00f3n de diapositivas\" width=\"500\" height=\"375\" src=\"https:\/\/www.youtube.com\/embed\/2_KBYq0Jh0A?feature=oembed\" frameborder=\"0\" allow=\"accelerometer; autoplay; clipboard-write; encrypted-media; gyroscope; picture-in-picture; web-share\" referrerpolicy=\"strict-origin-when-cross-origin\" allowfullscreen><\/iframe><\/p>\n","protected":false},"excerpt":{"rendered":"<p>PER FI&#8230; NO VA PLOURE !!!<br \/>\nI&#8230; EN TEN\u00cdEM MOOOOLTES GANES DE FER LA PRIMERA EXCURSI\u00d3\u00a0 I VAM PODER ANAR A CAN RIBAS (BIGUES I RIELLS).<br \/>\nFEIA MOLT DE FRED, AIX\u00d2 S\u00cd !!!,\u00a0 PER\u00d2 NO EN VAM TENIR JA QUE\u00a0 AN\u00c0VEM BEN\u00a0 ABRIGATS DE\u00a0 CASA I TAMB\u00c9&hellip;  <a href=\"https:\/\/agora.xtec.cat\/escolapablopicasso\/general\/sortida-a-fer-oli-p4b\/\" title=\"Read SORTIDA A FER OLI P4A I B\">Llegeix m\u00e9s\u00bb<\/a><\/p>\n","protected":false},"author":4,"featured_media":0,"comment_status":"open","ping_status":"open","sticky":false,"template":"","format":"standard","meta":{"_bbp_topic_count":0,"_bbp_reply_count":0,"_bbp_total_topic_count":0,"_bbp_total_reply_count":0,"_bbp_voice_count":0,"_bbp_anonymous_reply_count":0,"_bbp_topic_count_hidden":0,"_bbp_reply_count_hidden":0,"_bbp_forum_subforum_count":0,"footnotes":""},"categories":[1,8,30],"tags":[],"class_list":["post-1096","post","type-post","status-publish","format-standard","hentry","category-general","category-i4","category-sortides"],"post_mailing_queue_ids":[],"_links":{"self":[{"href":"https:\/\/agora.xtec.cat\/escolapablopicasso\/wp-json\/wp\/v2\/posts\/1096","targetHints":{"allow":["GET"]}}],"collection":[{"href":"https:\/\/agora.xtec.cat\/escolapablopicasso\/wp-json\/wp\/v2\/posts"}],"about":[{"href":"https:\/\/agora.xtec.cat\/escolapablopicasso\/wp-json\/wp\/v2\/types\/post"}],"author":[{"embeddable":true,"href":"https:\/\/agora.xtec.cat\/escolapablopicasso\/wp-json\/wp\/v2\/users\/4"}],"replies":[{"embeddable":true,"href":"https:\/\/agora.xtec.cat\/escolapablopicasso\/wp-json\/wp\/v2\/comments?post=1096"}],"version-history":[{"count":1,"href":"https:\/\/agora.xtec.cat\/escolapablopicasso\/wp-json\/wp\/v2\/posts\/1096\/revisions"}],"predecessor-version":[{"id":1502,"href":"https:\/\/agora.xtec.cat\/escolapablopicasso\/wp-json\/wp\/v2\/posts\/1096\/revisions\/1502"}],"wp:attachment":[{"href":"https:\/\/agora.xtec.cat\/escolapablopicasso\/wp-json\/wp\/v2\/media?parent=1096"}],"wp:term":[{"taxonomy":"category","embeddable":true,"href":"https:\/\/agora.xtec.cat\/escolapablopicasso\/wp-json\/wp\/v2\/categories?post=1096"},{"taxonomy":"post_tag","embeddable":true,"href":"https:\/\/agora.xtec.cat\/escolapablopicasso\/wp-json\/wp\/v2\/tags?post=1096"}],"curies":[{"name":"wp","href":"https:\/\/api.w.org\/{rel}","templated":true}]}}