{"id":1068,"date":"2014-12-10T12:46:18","date_gmt":"2014-12-10T11:46:18","guid":{"rendered":"http:\/\/blocs.xtec.cat\/escolapablopicasso\/?p=1068"},"modified":"2015-11-05T00:05:30","modified_gmt":"2015-11-04T23:05:30","slug":"cadires-musicals-descriptura","status":"publish","type":"post","link":"https:\/\/agora.xtec.cat\/escolapablopicasso\/general\/cadires-musicals-descriptura\/","title":{"rendered":"Cadires musicals d&#8217;escriptura!"},"content":{"rendered":"<p>Els dimarts a la tarda que tenim Catal\u00e0, hem volgut treballar-lo d&#8217;una manera m\u00e9s divertida. Durant dues setmanes, hem fet el joc de les cadires musicals per\u00f2 d&#8217;escriptura.<\/p>\n<p>Qu\u00e8, com funciona aix\u00f2? Doncs, tots\/es han escrit en un paper un comen\u00e7ament d&#8217;una hist\u00f2ria. I quan parava la m\u00fasica, s&#8217;havien de canviar de lloc i continuar la hist\u00f2ria del company\/a, i aix\u00ed fins fer-ho tot. Per poder escriure amb tranquil\u00b7litat, hem posat m\u00fasica relaxant per inspirar-nos millor! Ha estat d&#8217;all\u00f2 m\u00e9s divertit! Ara cal recopilar totes les hist\u00f2ries i a veure qu\u00e8 ha sortit!<\/p>\n<p><embed width=\"600\" height=\"400\" type=\"application\/x-shockwave-flash\" src=\"https:\/\/photos.gstatic.com\/media\/slideshow.swf\" flashvars=\"host=picasaweb.google.com&amp;hl=en_US&amp;feat=flashalbum&amp;RGB=0x000000&amp;feed=https%3A%2F%2Fpicasaweb.google.com%2Fdata%2Ffeed%2Fapi%2Fuser%2F112143533400833678857%2Falbumid%2F6091172832842561281%3Falt%3Drss%26kind%3Dphoto%26authkey%3DGv1sRgCOOEjYinyefHDQ%26hl%3Den_US\" pluginspage=\"http:\/\/www.macromedia.com\/go\/getflashplayer\"><\/embed><\/p>\n","protected":false},"excerpt":{"rendered":"<p>Els dimarts a la tarda que tenim Catal\u00e0, hem volgut treballar-lo d&#8217;una manera m\u00e9s divertida. Durant dues setmanes, hem fet el joc de les cadires musicals per\u00f2 d&#8217;escriptura.<br \/>\nQu\u00e8, com funciona aix\u00f2? Doncs, tots\/es han escrit en un paper un comen\u00e7ament d&#8217;una hist\u00f2ria. I quan parava&hellip;  <a href=\"https:\/\/agora.xtec.cat\/escolapablopicasso\/general\/cadires-musicals-descriptura\/\" title=\"Read Cadires musicals d&#8217;escriptura!\">Llegeix m\u00e9s\u00bb<\/a><\/p>\n","protected":false},"author":3,"featured_media":0,"comment_status":"open","ping_status":"open","sticky":false,"template":"","format":"standard","meta":{"_bbp_topic_count":0,"_bbp_reply_count":0,"_bbp_total_topic_count":0,"_bbp_total_reply_count":0,"_bbp_voice_count":0,"_bbp_anonymous_reply_count":0,"_bbp_topic_count_hidden":0,"_bbp_reply_count_hidden":0,"_bbp_forum_subforum_count":0,"footnotes":""},"categories":[15,1],"tags":[],"class_list":["post-1068","post","type-post","status-publish","format-standard","hentry","category-6e","category-general"],"post_mailing_queue_ids":[],"_links":{"self":[{"href":"https:\/\/agora.xtec.cat\/escolapablopicasso\/wp-json\/wp\/v2\/posts\/1068","targetHints":{"allow":["GET"]}}],"collection":[{"href":"https:\/\/agora.xtec.cat\/escolapablopicasso\/wp-json\/wp\/v2\/posts"}],"about":[{"href":"https:\/\/agora.xtec.cat\/escolapablopicasso\/wp-json\/wp\/v2\/types\/post"}],"author":[{"embeddable":true,"href":"https:\/\/agora.xtec.cat\/escolapablopicasso\/wp-json\/wp\/v2\/users\/3"}],"replies":[{"embeddable":true,"href":"https:\/\/agora.xtec.cat\/escolapablopicasso\/wp-json\/wp\/v2\/comments?post=1068"}],"version-history":[{"count":1,"href":"https:\/\/agora.xtec.cat\/escolapablopicasso\/wp-json\/wp\/v2\/posts\/1068\/revisions"}],"predecessor-version":[{"id":1692,"href":"https:\/\/agora.xtec.cat\/escolapablopicasso\/wp-json\/wp\/v2\/posts\/1068\/revisions\/1692"}],"wp:attachment":[{"href":"https:\/\/agora.xtec.cat\/escolapablopicasso\/wp-json\/wp\/v2\/media?parent=1068"}],"wp:term":[{"taxonomy":"category","embeddable":true,"href":"https:\/\/agora.xtec.cat\/escolapablopicasso\/wp-json\/wp\/v2\/categories?post=1068"},{"taxonomy":"post_tag","embeddable":true,"href":"https:\/\/agora.xtec.cat\/escolapablopicasso\/wp-json\/wp\/v2\/tags?post=1068"}],"curies":[{"name":"wp","href":"https:\/\/api.w.org\/{rel}","templated":true}]}}