{"id":7103,"date":"2026-03-12T13:59:42","date_gmt":"2026-03-12T12:59:42","guid":{"rendered":"https:\/\/agora.xtec.cat\/escolaortiz\/?p=7103"},"modified":"2026-03-12T13:59:44","modified_gmt":"2026-03-12T12:59:44","slug":"setmana-medi-ambient-tallers-internivell-i3i4i5-comunitat-de-petits","status":"publish","type":"post","link":"https:\/\/agora.xtec.cat\/escolaortiz\/general\/setmana-medi-ambient-tallers-internivell-i3i4i5-comunitat-de-petits\/","title":{"rendered":"Setmana Medi Ambient: Tallers internivell (i3,i4,i5) (Comunitat de Petits)"},"content":{"rendered":"\n<p>Bon dia!<\/p>\n\n\n\n<p>Continuant amb la Setmana del Medi Ambient, a part dels projectes tecnol\u00f2gics del post anterior, tamb\u00e9 vam fer un seguit de tallers on les classes dels Titelles, de la M\u00e0gia i de la Dansa, es van barrejar per a crear petits grups de treball. Van ser uns tallers molt divertits on vam reutilitzar molt material per a donar un nou \u00fas a ampolles de pl\u00e0stic, tubs de cartr\u00f3, retalls de papers&#8230; Mireu quines obres d&#8217;arts van fer els i les vostres petites!!<\/p>\n\n\n\n<figure class=\"wp-block-image size-large\"><a href=\"https:\/\/photos.app.goo.gl\/2Z5wqRzLtcX8fvco6\" target=\"_blank\" rel=\" noreferrer noopener\"><img loading=\"lazy\" decoding=\"async\" width=\"1024\" height=\"768\" src=\"https:\/\/agora.xtec.cat\/escolaortiz\/wp-content\/uploads\/usu541\/2026\/03\/IMG_20260217_152335_resultat-1024x768.jpg\" alt=\"\" class=\"wp-image-7104\" srcset=\"https:\/\/agora.xtec.cat\/escolaortiz\/wp-content\/uploads\/usu541\/2026\/03\/IMG_20260217_152335_resultat-1024x768.jpg 1024w, https:\/\/agora.xtec.cat\/escolaortiz\/wp-content\/uploads\/usu541\/2026\/03\/IMG_20260217_152335_resultat-300x225.jpg 300w, https:\/\/agora.xtec.cat\/escolaortiz\/wp-content\/uploads\/usu541\/2026\/03\/IMG_20260217_152335_resultat-768x576.jpg 768w, https:\/\/agora.xtec.cat\/escolaortiz\/wp-content\/uploads\/usu541\/2026\/03\/IMG_20260217_152335_resultat-1536x1152.jpg 1536w, https:\/\/agora.xtec.cat\/escolaortiz\/wp-content\/uploads\/usu541\/2026\/03\/IMG_20260217_152335_resultat-2048x1536.jpg 2048w\" sizes=\"auto, (max-width: 1024px) 100vw, 1024px\" \/><\/a><\/figure>\n","protected":false},"excerpt":{"rendered":"<p>Bon dia! Continuant amb la Setmana del Medi Ambient, a part dels projectes tecnol\u00f2gics del post anterior, tamb\u00e9 vam fer un seguit de tallers on les classes dels Titelles, de la M\u00e0gia i de la Dansa, es van barrejar per a crear petits grups de treball. Van ser uns tallers molt divertits on vam reutilitzar [&hellip;]<\/p>\n","protected":false},"author":99,"featured_media":7104,"comment_status":"open","ping_status":"open","sticky":false,"template":"","format":"standard","meta":{"_bbp_topic_count":0,"_bbp_reply_count":0,"_bbp_total_topic_count":0,"_bbp_total_reply_count":0,"_bbp_voice_count":0,"_bbp_anonymous_reply_count":0,"_bbp_topic_count_hidden":0,"_bbp_reply_count_hidden":0,"_bbp_forum_subforum_count":0,"site-sidebar-layout":"default","site-content-layout":"","ast-site-content-layout":"default","site-content-style":"default","site-sidebar-style":"default","ast-global-header-display":"","ast-banner-title-visibility":"","ast-main-header-display":"","ast-hfb-above-header-display":"","ast-hfb-below-header-display":"","ast-hfb-mobile-header-display":"","site-post-title":"","ast-breadcrumbs-content":"","ast-featured-img":"","footer-sml-layout":"","theme-transparent-header-meta":"","adv-header-id-meta":"","stick-header-meta":"","header-above-stick-meta":"","header-main-stick-meta":"","header-below-stick-meta":"","astra-migrate-meta-layouts":"set","ast-page-background-enabled":"default","ast-page-background-meta":{"desktop":{"background-color":"var(--ast-global-color-4)","background-image":"","background-repeat":"repeat","background-position":"center center","background-size":"auto","background-attachment":"scroll","background-type":"","background-media":"","overlay-type":"","overlay-color":"","overlay-opacity":"","overlay-gradient":""},"tablet":{"background-color":"","background-image":"","background-repeat":"repeat","background-position":"center center","background-size":"auto","background-attachment":"scroll","background-type":"","background-media":"","overlay-type":"","overlay-color":"","overlay-opacity":"","overlay-gradient":""},"mobile":{"background-color":"","background-image":"","background-repeat":"repeat","background-position":"center center","background-size":"auto","background-attachment":"scroll","background-type":"","background-media":"","overlay-type":"","overlay-color":"","overlay-opacity":"","overlay-gradient":""}},"ast-content-background-meta":{"desktop":{"background-color":"var(--ast-global-color-5)","background-image":"","background-repeat":"repeat","background-position":"center center","background-size":"auto","background-attachment":"scroll","background-type":"","background-media":"","overlay-type":"","overlay-color":"","overlay-opacity":"","overlay-gradient":""},"tablet":{"background-color":"var(--ast-global-color-5)","background-image":"","background-repeat":"repeat","background-position":"center center","background-size":"auto","background-attachment":"scroll","background-type":"","background-media":"","overlay-type":"","overlay-color":"","overlay-opacity":"","overlay-gradient":""},"mobile":{"background-color":"var(--ast-global-color-5)","background-image":"","background-repeat":"repeat","background-position":"center center","background-size":"auto","background-attachment":"scroll","background-type":"","background-media":"","overlay-type":"","overlay-color":"","overlay-opacity":"","overlay-gradient":""}},"footnotes":""},"categories":[378,1,3,8,9,2,4],"tags":[381,411],"class_list":["post-7103","post","type-post","status-publish","format-standard","has-post-thumbnail","hentry","category-comunitat-de-petits","category-general","category-i3","category-i4","category-i5","category-infantil","category-portada","tag-curs-2025-2026","tag-setmana-setmana-medi-ambient"],"post_mailing_queue_ids":[],"_links":{"self":[{"href":"https:\/\/agora.xtec.cat\/escolaortiz\/wp-json\/wp\/v2\/posts\/7103","targetHints":{"allow":["GET"]}}],"collection":[{"href":"https:\/\/agora.xtec.cat\/escolaortiz\/wp-json\/wp\/v2\/posts"}],"about":[{"href":"https:\/\/agora.xtec.cat\/escolaortiz\/wp-json\/wp\/v2\/types\/post"}],"author":[{"embeddable":true,"href":"https:\/\/agora.xtec.cat\/escolaortiz\/wp-json\/wp\/v2\/users\/99"}],"replies":[{"embeddable":true,"href":"https:\/\/agora.xtec.cat\/escolaortiz\/wp-json\/wp\/v2\/comments?post=7103"}],"version-history":[{"count":1,"href":"https:\/\/agora.xtec.cat\/escolaortiz\/wp-json\/wp\/v2\/posts\/7103\/revisions"}],"predecessor-version":[{"id":7105,"href":"https:\/\/agora.xtec.cat\/escolaortiz\/wp-json\/wp\/v2\/posts\/7103\/revisions\/7105"}],"wp:featuredmedia":[{"embeddable":true,"href":"https:\/\/agora.xtec.cat\/escolaortiz\/wp-json\/wp\/v2\/media\/7104"}],"wp:attachment":[{"href":"https:\/\/agora.xtec.cat\/escolaortiz\/wp-json\/wp\/v2\/media?parent=7103"}],"wp:term":[{"taxonomy":"category","embeddable":true,"href":"https:\/\/agora.xtec.cat\/escolaortiz\/wp-json\/wp\/v2\/categories?post=7103"},{"taxonomy":"post_tag","embeddable":true,"href":"https:\/\/agora.xtec.cat\/escolaortiz\/wp-json\/wp\/v2\/tags?post=7103"}],"curies":[{"name":"wp","href":"https:\/\/api.w.org\/{rel}","templated":true}]}}