{"id":3088,"date":"2021-05-21T15:51:37","date_gmt":"2021-05-21T13:51:37","guid":{"rendered":"http:\/\/agora.xtec.cat\/escolaortiz\/?p=3088"},"modified":"2021-05-21T15:53:22","modified_gmt":"2021-05-21T13:53:22","slug":"racons-matematics-3r-trimestre-4t-bloc-c-mitja","status":"publish","type":"post","link":"https:\/\/agora.xtec.cat\/escolaortiz\/general\/racons-matematics-3r-trimestre-4t-bloc-c-mitja\/","title":{"rendered":"Racons matem\u00e0tics 3r trimestre, 4t (Bloc C.Mitj\u00e0)"},"content":{"rendered":"<p><a href=\"https:\/\/cmjjortiz.blogspot.com\/2021\/05\/racons-matematics-3r-trimestre-4t.html\" target=\"_blank\" rel=\"noopener noreferrer\"><img loading=\"lazy\" decoding=\"async\" class=\"size-full wp-image-3089 aligncenter\" src=\"https:\/\/agora.xtec.cat\/escolaortiz\/wp-content\/uploads\/usu541\/2021\/05\/Sin-t\u00edtulo.png\" alt=\"\" width=\"811\" height=\"488\" srcset=\"https:\/\/agora.xtec.cat\/escolaortiz\/wp-content\/uploads\/usu541\/2021\/05\/Sin-t\u00edtulo.png 811w, https:\/\/agora.xtec.cat\/escolaortiz\/wp-content\/uploads\/usu541\/2021\/05\/Sin-t\u00edtulo-300x181.png 300w, https:\/\/agora.xtec.cat\/escolaortiz\/wp-content\/uploads\/usu541\/2021\/05\/Sin-t\u00edtulo-768x462.png 768w\" sizes=\"auto, (max-width: 811px) 100vw, 811px\" \/><\/a><\/p>\n<p>Fam\u00edlies, ja hem comen\u00e7at l&#8217;\u00faltima tongada de racons matem\u00e0tics. Els nens i nenes de 4t ja\u00a0<span class=\"hiddenGrammarError\">ho<\/span>\u00a0<span class=\"hiddenSpellError\">esperavem<\/span>\u00a0amb molt d&#8217;entusiasme. Com en totes les ocasions\u00a0<span class=\"hiddenGrammarError\">hi han<\/span> sis racons diferents.<\/p>\n<p>Si voleu llegir la resta de la not\u00edcia, cliqueu al t\u00edtol i despr\u00e9s a la imatge.<\/p>\n<p>&nbsp;<\/p>\n","protected":false},"excerpt":{"rendered":"<p>Fam\u00edlies, ja hem comen\u00e7at l&#8217;\u00faltima tongada de racons matem\u00e0tics. Els nens i nenes de 4t ja\u00a0ho\u00a0esperavem\u00a0amb molt d&#8217;entusiasme. Com en totes les ocasions\u00a0hi han sis racons diferents. Si voleu llegir la resta de la not\u00edcia, cliqueu al t\u00edtol i despr\u00e9s a la imatge. &nbsp;<\/p>\n","protected":false},"author":1,"featured_media":3089,"comment_status":"open","ping_status":"closed","sticky":false,"template":"","format":"standard","meta":{"_bbp_topic_count":0,"_bbp_reply_count":0,"_bbp_total_topic_count":0,"_bbp_total_reply_count":0,"_bbp_voice_count":0,"_bbp_anonymous_reply_count":0,"_bbp_topic_count_hidden":0,"_bbp_reply_count_hidden":0,"_bbp_forum_subforum_count":0,"site-sidebar-layout":"default","site-content-layout":"","ast-site-content-layout":"","site-content-style":"default","site-sidebar-style":"default","ast-global-header-display":"","ast-banner-title-visibility":"","ast-main-header-display":"","ast-hfb-above-header-display":"","ast-hfb-below-header-display":"","ast-hfb-mobile-header-display":"","site-post-title":"","ast-breadcrumbs-content":"","ast-featured-img":"","footer-sml-layout":"","theme-transparent-header-meta":"","adv-header-id-meta":"","stick-header-meta":"","header-above-stick-meta":"","header-main-stick-meta":"","header-below-stick-meta":"","astra-migrate-meta-layouts":"default","ast-page-background-enabled":"default","ast-page-background-meta":{"desktop":{"background-color":"var(--ast-global-color-4)","background-image":"","background-repeat":"repeat","background-position":"center center","background-size":"auto","background-attachment":"scroll","background-type":"","background-media":"","overlay-type":"","overlay-color":"","overlay-opacity":"","overlay-gradient":""},"tablet":{"background-color":"","background-image":"","background-repeat":"repeat","background-position":"center center","background-size":"auto","background-attachment":"scroll","background-type":"","background-media":"","overlay-type":"","overlay-color":"","overlay-opacity":"","overlay-gradient":""},"mobile":{"background-color":"","background-image":"","background-repeat":"repeat","background-position":"center center","background-size":"auto","background-attachment":"scroll","background-type":"","background-media":"","overlay-type":"","overlay-color":"","overlay-opacity":"","overlay-gradient":""}},"ast-content-background-meta":{"desktop":{"background-color":"var(--ast-global-color-5)","background-image":"","background-repeat":"repeat","background-position":"center center","background-size":"auto","background-attachment":"scroll","background-type":"","background-media":"","overlay-type":"","overlay-color":"","overlay-opacity":"","overlay-gradient":""},"tablet":{"background-color":"var(--ast-global-color-5)","background-image":"","background-repeat":"repeat","background-position":"center center","background-size":"auto","background-attachment":"scroll","background-type":"","background-media":"","overlay-type":"","overlay-color":"","overlay-opacity":"","overlay-gradient":""},"mobile":{"background-color":"var(--ast-global-color-5)","background-image":"","background-repeat":"repeat","background-position":"center center","background-size":"auto","background-attachment":"scroll","background-type":"","background-media":"","overlay-type":"","overlay-color":"","overlay-opacity":"","overlay-gradient":""}},"footnotes":""},"categories":[13,1,4,5],"tags":[93,80,127,108],"class_list":["post-3088","post","type-post","status-publish","format-standard","has-post-thumbnail","hentry","category-4t","category-general","category-portada","category-primaria","tag-activitats-de-4t","tag-activitats-de-cicle-mitja","tag-curs-2020-2021","tag-racons-matematics"],"post_mailing_queue_ids":[],"_links":{"self":[{"href":"https:\/\/agora.xtec.cat\/escolaortiz\/wp-json\/wp\/v2\/posts\/3088","targetHints":{"allow":["GET"]}}],"collection":[{"href":"https:\/\/agora.xtec.cat\/escolaortiz\/wp-json\/wp\/v2\/posts"}],"about":[{"href":"https:\/\/agora.xtec.cat\/escolaortiz\/wp-json\/wp\/v2\/types\/post"}],"author":[{"embeddable":true,"href":"https:\/\/agora.xtec.cat\/escolaortiz\/wp-json\/wp\/v2\/users\/1"}],"replies":[{"embeddable":true,"href":"https:\/\/agora.xtec.cat\/escolaortiz\/wp-json\/wp\/v2\/comments?post=3088"}],"version-history":[{"count":2,"href":"https:\/\/agora.xtec.cat\/escolaortiz\/wp-json\/wp\/v2\/posts\/3088\/revisions"}],"predecessor-version":[{"id":3091,"href":"https:\/\/agora.xtec.cat\/escolaortiz\/wp-json\/wp\/v2\/posts\/3088\/revisions\/3091"}],"wp:featuredmedia":[{"embeddable":true,"href":"https:\/\/agora.xtec.cat\/escolaortiz\/wp-json\/wp\/v2\/media\/3089"}],"wp:attachment":[{"href":"https:\/\/agora.xtec.cat\/escolaortiz\/wp-json\/wp\/v2\/media?parent=3088"}],"wp:term":[{"taxonomy":"category","embeddable":true,"href":"https:\/\/agora.xtec.cat\/escolaortiz\/wp-json\/wp\/v2\/categories?post=3088"},{"taxonomy":"post_tag","embeddable":true,"href":"https:\/\/agora.xtec.cat\/escolaortiz\/wp-json\/wp\/v2\/tags?post=3088"}],"curies":[{"name":"wp","href":"https:\/\/api.w.org\/{rel}","templated":true}]}}