{"id":5925,"date":"2021-11-04T15:13:53","date_gmt":"2021-11-04T14:13:53","guid":{"rendered":"https:\/\/agora.xtec.cat\/escolaolivera\/?p=5925"},"modified":"2021-11-08T12:13:42","modified_gmt":"2021-11-08T11:13:42","slug":"1r-el-nostre-dia-a-dia-setembre-i-octubre","status":"publish","type":"post","link":"https:\/\/agora.xtec.cat\/escolaolivera\/blogs\/ci\/1r-el-nostre-dia-a-dia-setembre-i-octubre\/","title":{"rendered":"1r- El nostre dia a dia (setembre i octubre)"},"content":{"rendered":"<p>Des d&#8217;inici de curs i al llarg d&#8217;aquests dos mesos, els nens i nenes de Primer hem fet un munt d&#8217;activitats i hem apr\u00e8s molt\u00edssimes coses: can\u00e7ons, balls per la Castanyada, racons de treball, l&#8217;aprenentatge dels sons i les grafies de tot l&#8217;abecedari, l&#8217;escriptura de les nostres primeres frases, rimes i frases fetes, exposicions orals, el c\u00e0lcul i la numeraci\u00f3 fins al 20, manualitats de tardor&#8230;I un munt de coses m\u00e9s.<\/p>\n<p>Segur que a totes les fam\u00edlies i als mateixos nens i nenes us far\u00e0 molta il\u00b7lusi\u00f3 veure&#8217;n un tastet en forma de fotos.<\/p>\n<p>Esperem us agradin molt!<\/p>\n<p>Equip de Primer<\/p>\n<p><a href=\"https:\/\/drive.google.com\/drive\/folders\/1CSSIWHNGLBTOth-eUTybbbZXqmBcuV0n?usp=sharing\" target=\"_blank\" rel=\"noopener\"><img loading=\"lazy\" decoding=\"async\" class=\"alignnone size-medium wp-image-5927\" src=\"https:\/\/agora.xtec.cat\/escolaolivera\/wp-content\/uploads\/usu179\/2021\/11\/Arbre-tardor-300x225.jpg\" alt=\"\" width=\"300\" height=\"225\" srcset=\"https:\/\/agora.xtec.cat\/escolaolivera\/wp-content\/uploads\/usu179\/2021\/11\/Arbre-tardor-300x225.jpg 300w, https:\/\/agora.xtec.cat\/escolaolivera\/wp-content\/uploads\/usu179\/2021\/11\/Arbre-tardor-768x576.jpg 768w, https:\/\/agora.xtec.cat\/escolaolivera\/wp-content\/uploads\/usu179\/2021\/11\/Arbre-tardor-200x150.jpg 200w, https:\/\/agora.xtec.cat\/escolaolivera\/wp-content\/uploads\/usu179\/2021\/11\/Arbre-tardor.jpg 800w\" sizes=\"auto, (max-width: 300px) 100vw, 300px\" \/><\/a><\/p>\n","protected":false},"excerpt":{"rendered":"<p>Des d&#8217;inici de curs i al llarg d&#8217;aquests dos mesos, els nens i nenes de Primer hem fet un munt d&#8217;activitats i hem apr\u00e8s molt\u00edssimes coses: can\u00e7ons, balls per la Castanyada, racons de treball, l&#8217;aprenentatge dels sons i les grafies de tot l&#8217;abecedari, l&#8217;escriptura de les nostres primeres frases, rimes i frases fetes, exposicions orals, [&hellip;]<\/p>\n","protected":false},"author":3,"featured_media":604,"comment_status":"open","ping_status":"closed","sticky":false,"template":"","format":"standard","meta":{"_bbp_topic_count":0,"_bbp_reply_count":0,"_bbp_total_topic_count":0,"_bbp_total_reply_count":0,"_bbp_voice_count":0,"_bbp_anonymous_reply_count":0,"_bbp_topic_count_hidden":0,"_bbp_reply_count_hidden":0,"_bbp_forum_subforum_count":0,"site-sidebar-layout":"default","site-content-layout":"","ast-site-content-layout":"","site-content-style":"default","site-sidebar-style":"default","ast-global-header-display":"","ast-banner-title-visibility":"","ast-main-header-display":"","ast-hfb-above-header-display":"","ast-hfb-below-header-display":"","ast-hfb-mobile-header-display":"","site-post-title":"","ast-breadcrumbs-content":"","ast-featured-img":"","footer-sml-layout":"","theme-transparent-header-meta":"","adv-header-id-meta":"","stick-header-meta":"","header-above-stick-meta":"","header-main-stick-meta":"","header-below-stick-meta":"","astra-migrate-meta-layouts":"default","ast-page-background-enabled":"default","ast-page-background-meta":{"desktop":{"background-color":"var(--ast-global-color-4)","background-image":"","background-repeat":"repeat","background-position":"center center","background-size":"auto","background-attachment":"scroll","background-type":"","background-media":"","overlay-type":"","overlay-color":"","overlay-opacity":"","overlay-gradient":""},"tablet":{"background-color":"","background-image":"","background-repeat":"repeat","background-position":"center center","background-size":"auto","background-attachment":"scroll","background-type":"","background-media":"","overlay-type":"","overlay-color":"","overlay-opacity":"","overlay-gradient":""},"mobile":{"background-color":"","background-image":"","background-repeat":"repeat","background-position":"center center","background-size":"auto","background-attachment":"scroll","background-type":"","background-media":"","overlay-type":"","overlay-color":"","overlay-opacity":"","overlay-gradient":""}},"ast-content-background-meta":{"desktop":{"background-color":"var(--ast-global-color-5)","background-image":"","background-repeat":"repeat","background-position":"center center","background-size":"auto","background-attachment":"scroll","background-type":"","background-media":"","overlay-type":"","overlay-color":"","overlay-opacity":"","overlay-gradient":""},"tablet":{"background-color":"var(--ast-global-color-5)","background-image":"","background-repeat":"repeat","background-position":"center center","background-size":"auto","background-attachment":"scroll","background-type":"","background-media":"","overlay-type":"","overlay-color":"","overlay-opacity":"","overlay-gradient":""},"mobile":{"background-color":"var(--ast-global-color-5)","background-image":"","background-repeat":"repeat","background-position":"center center","background-size":"auto","background-attachment":"scroll","background-type":"","background-media":"","overlay-type":"","overlay-color":"","overlay-opacity":"","overlay-gradient":""}},"footnotes":""},"categories":[3,4,160],"tags":[],"class_list":["post-5925","post","type-post","status-publish","format-standard","has-post-thumbnail","hentry","category-ci","category-portada","category-160"],"post_mailing_queue_ids":[],"_links":{"self":[{"href":"https:\/\/agora.xtec.cat\/escolaolivera\/wp-json\/wp\/v2\/posts\/5925","targetHints":{"allow":["GET"]}}],"collection":[{"href":"https:\/\/agora.xtec.cat\/escolaolivera\/wp-json\/wp\/v2\/posts"}],"about":[{"href":"https:\/\/agora.xtec.cat\/escolaolivera\/wp-json\/wp\/v2\/types\/post"}],"author":[{"embeddable":true,"href":"https:\/\/agora.xtec.cat\/escolaolivera\/wp-json\/wp\/v2\/users\/3"}],"replies":[{"embeddable":true,"href":"https:\/\/agora.xtec.cat\/escolaolivera\/wp-json\/wp\/v2\/comments?post=5925"}],"version-history":[{"count":2,"href":"https:\/\/agora.xtec.cat\/escolaolivera\/wp-json\/wp\/v2\/posts\/5925\/revisions"}],"predecessor-version":[{"id":5931,"href":"https:\/\/agora.xtec.cat\/escolaolivera\/wp-json\/wp\/v2\/posts\/5925\/revisions\/5931"}],"wp:featuredmedia":[{"embeddable":true,"href":"https:\/\/agora.xtec.cat\/escolaolivera\/wp-json\/wp\/v2\/media\/604"}],"wp:attachment":[{"href":"https:\/\/agora.xtec.cat\/escolaolivera\/wp-json\/wp\/v2\/media?parent=5925"}],"wp:term":[{"taxonomy":"category","embeddable":true,"href":"https:\/\/agora.xtec.cat\/escolaolivera\/wp-json\/wp\/v2\/categories?post=5925"},{"taxonomy":"post_tag","embeddable":true,"href":"https:\/\/agora.xtec.cat\/escolaolivera\/wp-json\/wp\/v2\/tags?post=5925"}],"curies":[{"name":"wp","href":"https:\/\/api.w.org\/{rel}","templated":true}]}}