{"id":5735,"date":"2021-06-15T13:56:38","date_gmt":"2021-06-15T11:56:38","guid":{"rendered":"https:\/\/agora.xtec.cat\/escolaolivera\/?p=5735"},"modified":"2021-06-15T13:56:38","modified_gmt":"2021-06-15T11:56:38","slug":"cs-sortida-esportiva-al-club-tenis-cabrils","status":"publish","type":"post","link":"https:\/\/agora.xtec.cat\/escolaolivera\/portada\/cs-sortida-esportiva-al-club-tenis-cabrils\/","title":{"rendered":"CS &#8211; Sortida esportiva al Club Tenis Cabrils"},"content":{"rendered":"<p>El divendres dia 11 de juny, els nens i nenes de 5\u00e8 i 6\u00e8 vam fer la sortida esportiva al Club Tenis Cabrils.<\/p>\n<p>Vam sortir de l&#8217;escola a les 9 del mat\u00ed amb el material necessari i preparats i preparades per viure un dia ple d&#8217;esport i emocions.<\/p>\n<p>Quan vam arribar a les instal\u00b7lacions del club, r\u00e0pidament ens vam distribuir en les diferents activitats: tenis, p\u00e0del, jocs cooperatius, aquagym i piscina. En cadascuna de les activitats vam poder adquirir noves t\u00e8cniques i consells gr\u00e0cies als monitors del Club.<\/p>\n<p>Abans de tornar cap a l&#8217;escola vam tenir una gran alegria. Les mestres ens van sorprendre amb un delici\u00f3s i refrescant gelat.<\/p>\n<p>Cliqueu sobre la imatge per veure m\u00e9s fotografies de la jornada.<\/p>\n<p><a href=\"https:\/\/drive.google.com\/drive\/folders\/13ueoCSWVYPDXID_f-fNi70fAlbHiTsvA?usp=sharing\" target=\"_blank\" rel=\"noopener noreferrer\"><img loading=\"lazy\" decoding=\"async\" class=\"wp-image-5736 aligncenter\" src=\"https:\/\/agora.xtec.cat\/escolaolivera\/wp-content\/uploads\/usu179\/2021\/06\/Captura-de-pantalla-2021-06-15-a-las-13.53.24.png\" alt=\"\" width=\"650\" height=\"443\" srcset=\"https:\/\/agora.xtec.cat\/escolaolivera\/wp-content\/uploads\/usu179\/2021\/06\/Captura-de-pantalla-2021-06-15-a-las-13.53.24.png 965w, https:\/\/agora.xtec.cat\/escolaolivera\/wp-content\/uploads\/usu179\/2021\/06\/Captura-de-pantalla-2021-06-15-a-las-13.53.24-300x205.png 300w, https:\/\/agora.xtec.cat\/escolaolivera\/wp-content\/uploads\/usu179\/2021\/06\/Captura-de-pantalla-2021-06-15-a-las-13.53.24-768x524.png 768w\" sizes=\"auto, (max-width: 650px) 100vw, 650px\" \/><\/a><\/p>\n","protected":false},"excerpt":{"rendered":"<p>El divendres dia 11 de juny, els nens i nenes de 5\u00e8 i 6\u00e8 vam fer la sortida esportiva al Club Tenis Cabrils. Vam sortir de l&#8217;escola a les 9 del mat\u00ed amb el material necessari i preparats i preparades per viure un dia ple d&#8217;esport i emocions. Quan vam arribar a les instal\u00b7lacions del [&hellip;]<\/p>\n","protected":false},"author":3,"featured_media":604,"comment_status":"open","ping_status":"closed","sticky":false,"template":"","format":"standard","meta":{"_bbp_topic_count":0,"_bbp_reply_count":0,"_bbp_total_topic_count":0,"_bbp_total_reply_count":0,"_bbp_voice_count":0,"_bbp_anonymous_reply_count":0,"_bbp_topic_count_hidden":0,"_bbp_reply_count_hidden":0,"_bbp_forum_subforum_count":0,"site-sidebar-layout":"default","site-content-layout":"","ast-site-content-layout":"","site-content-style":"default","site-sidebar-style":"default","ast-global-header-display":"","ast-banner-title-visibility":"","ast-main-header-display":"","ast-hfb-above-header-display":"","ast-hfb-below-header-display":"","ast-hfb-mobile-header-display":"","site-post-title":"","ast-breadcrumbs-content":"","ast-featured-img":"","footer-sml-layout":"","theme-transparent-header-meta":"","adv-header-id-meta":"","stick-header-meta":"","header-above-stick-meta":"","header-main-stick-meta":"","header-below-stick-meta":"","astra-migrate-meta-layouts":"default","ast-page-background-enabled":"default","ast-page-background-meta":{"desktop":{"background-color":"var(--ast-global-color-4)","background-image":"","background-repeat":"repeat","background-position":"center center","background-size":"auto","background-attachment":"scroll","background-type":"","background-media":"","overlay-type":"","overlay-color":"","overlay-opacity":"","overlay-gradient":""},"tablet":{"background-color":"","background-image":"","background-repeat":"repeat","background-position":"center center","background-size":"auto","background-attachment":"scroll","background-type":"","background-media":"","overlay-type":"","overlay-color":"","overlay-opacity":"","overlay-gradient":""},"mobile":{"background-color":"","background-image":"","background-repeat":"repeat","background-position":"center center","background-size":"auto","background-attachment":"scroll","background-type":"","background-media":"","overlay-type":"","overlay-color":"","overlay-opacity":"","overlay-gradient":""}},"ast-content-background-meta":{"desktop":{"background-color":"var(--ast-global-color-5)","background-image":"","background-repeat":"repeat","background-position":"center center","background-size":"auto","background-attachment":"scroll","background-type":"","background-media":"","overlay-type":"","overlay-color":"","overlay-opacity":"","overlay-gradient":""},"tablet":{"background-color":"var(--ast-global-color-5)","background-image":"","background-repeat":"repeat","background-position":"center center","background-size":"auto","background-attachment":"scroll","background-type":"","background-media":"","overlay-type":"","overlay-color":"","overlay-opacity":"","overlay-gradient":""},"mobile":{"background-color":"var(--ast-global-color-5)","background-image":"","background-repeat":"repeat","background-position":"center center","background-size":"auto","background-attachment":"scroll","background-type":"","background-media":"","overlay-type":"","overlay-color":"","overlay-opacity":"","overlay-gradient":""}},"footnotes":""},"categories":[9,4,167,166],"tags":[174],"class_list":["post-5735","post","type-post","status-publish","format-standard","has-post-thumbnail","hentry","category-cs","category-portada","category-167","category-166","tag-cs"],"post_mailing_queue_ids":[],"_links":{"self":[{"href":"https:\/\/agora.xtec.cat\/escolaolivera\/wp-json\/wp\/v2\/posts\/5735","targetHints":{"allow":["GET"]}}],"collection":[{"href":"https:\/\/agora.xtec.cat\/escolaolivera\/wp-json\/wp\/v2\/posts"}],"about":[{"href":"https:\/\/agora.xtec.cat\/escolaolivera\/wp-json\/wp\/v2\/types\/post"}],"author":[{"embeddable":true,"href":"https:\/\/agora.xtec.cat\/escolaolivera\/wp-json\/wp\/v2\/users\/3"}],"replies":[{"embeddable":true,"href":"https:\/\/agora.xtec.cat\/escolaolivera\/wp-json\/wp\/v2\/comments?post=5735"}],"version-history":[{"count":1,"href":"https:\/\/agora.xtec.cat\/escolaolivera\/wp-json\/wp\/v2\/posts\/5735\/revisions"}],"predecessor-version":[{"id":5737,"href":"https:\/\/agora.xtec.cat\/escolaolivera\/wp-json\/wp\/v2\/posts\/5735\/revisions\/5737"}],"wp:featuredmedia":[{"embeddable":true,"href":"https:\/\/agora.xtec.cat\/escolaolivera\/wp-json\/wp\/v2\/media\/604"}],"wp:attachment":[{"href":"https:\/\/agora.xtec.cat\/escolaolivera\/wp-json\/wp\/v2\/media?parent=5735"}],"wp:term":[{"taxonomy":"category","embeddable":true,"href":"https:\/\/agora.xtec.cat\/escolaolivera\/wp-json\/wp\/v2\/categories?post=5735"},{"taxonomy":"post_tag","embeddable":true,"href":"https:\/\/agora.xtec.cat\/escolaolivera\/wp-json\/wp\/v2\/tags?post=5735"}],"curies":[{"name":"wp","href":"https:\/\/api.w.org\/{rel}","templated":true}]}}