{"id":4392,"date":"2020-03-09T10:56:57","date_gmt":"2020-03-09T09:56:57","guid":{"rendered":"https:\/\/agora.xtec.cat\/escolaolivera\/?p=4392"},"modified":"2020-03-09T10:57:20","modified_gmt":"2020-03-09T09:57:20","slug":"6e-sortida-al-barri-gotic-4","status":"publish","type":"post","link":"https:\/\/agora.xtec.cat\/escolaolivera\/portada\/6e-sortida-al-barri-gotic-4\/","title":{"rendered":"6\u00e8- Sortida al Barri G\u00f2tic"},"content":{"rendered":"<p>L&#8217;altre dia vam fer una sortida per aprendre m\u00e9s coses de l&#8217;edat Mitjana. Vam anar al Barri G\u00f2tic de Barcelona per la catedral\u00a0 tamb\u00e9 pel claustre i per la Pla\u00e7a del Rei entre altres. Ens van explicar les difer\u00e8ncies entre l&#8217;estil rom\u00e0nic i el g\u00f2tic.<\/p>\n<p>Ens ho vam passar molt b\u00e9 i v\u00e0rem aprendre m\u00e9s coses.<\/p>\n<p>Emma, Berta i Viki.<\/p>\n<p>&nbsp;<\/p>\n<p><a href=\"https:\/\/photos.google.com\/share\/AF1QipO9PTpcTk8kdvgZs0sPLCJcrgH-SbnReFB_cko5T-6BnIoNAsqRZMHEjFTqgDyIvw\/photo\/AF1QipO_G94ba3QFE5zWJU9QPKVacKvvWd3rSxbhQW_W?key=ck1vNkNaVFBLUjVkZE1QRnA2S3NGeTd1d2ZFSTRn\" target=\"_blank\" rel=\"noopener noreferrer\"><img loading=\"lazy\" decoding=\"async\" class=\"wp-image-4395 aligncenter\" src=\"https:\/\/agora.xtec.cat\/escolaolivera\/wp-content\/uploads\/usu179\/2020\/03\/6gotic20.jpg\" alt=\"\" width=\"411\" height=\"308\" srcset=\"https:\/\/agora.xtec.cat\/escolaolivera\/wp-content\/uploads\/usu179\/2020\/03\/6gotic20.jpg 775w, https:\/\/agora.xtec.cat\/escolaolivera\/wp-content\/uploads\/usu179\/2020\/03\/6gotic20-300x225.jpg 300w, https:\/\/agora.xtec.cat\/escolaolivera\/wp-content\/uploads\/usu179\/2020\/03\/6gotic20-768x576.jpg 768w, https:\/\/agora.xtec.cat\/escolaolivera\/wp-content\/uploads\/usu179\/2020\/03\/6gotic20-200x150.jpg 200w\" sizes=\"auto, (max-width: 411px) 100vw, 411px\" \/><\/a><\/p>\n","protected":false},"excerpt":{"rendered":"<p>L&#8217;altre dia vam fer una sortida per aprendre m\u00e9s coses de l&#8217;edat Mitjana. Vam anar al Barri G\u00f2tic de Barcelona per la catedral\u00a0 tamb\u00e9 pel claustre i per la Pla\u00e7a del Rei entre altres. Ens van explicar les difer\u00e8ncies entre l&#8217;estil rom\u00e0nic i el g\u00f2tic. Ens ho vam passar molt b\u00e9 i v\u00e0rem aprendre m\u00e9s [&hellip;]<\/p>\n","protected":false},"author":6,"featured_media":0,"comment_status":"open","ping_status":"closed","sticky":false,"template":"","format":"standard","meta":{"_bbp_topic_count":0,"_bbp_reply_count":0,"_bbp_total_topic_count":0,"_bbp_total_reply_count":0,"_bbp_voice_count":0,"_bbp_anonymous_reply_count":0,"_bbp_topic_count_hidden":0,"_bbp_reply_count_hidden":0,"_bbp_forum_subforum_count":0,"site-sidebar-layout":"default","site-content-layout":"","ast-site-content-layout":"","site-content-style":"default","site-sidebar-style":"default","ast-global-header-display":"","ast-banner-title-visibility":"","ast-main-header-display":"","ast-hfb-above-header-display":"","ast-hfb-below-header-display":"","ast-hfb-mobile-header-display":"","site-post-title":"","ast-breadcrumbs-content":"","ast-featured-img":"","footer-sml-layout":"","theme-transparent-header-meta":"","adv-header-id-meta":"","stick-header-meta":"","header-above-stick-meta":"","header-main-stick-meta":"","header-below-stick-meta":"","astra-migrate-meta-layouts":"default","ast-page-background-enabled":"default","ast-page-background-meta":{"desktop":{"background-color":"var(--ast-global-color-4)","background-image":"","background-repeat":"repeat","background-position":"center center","background-size":"auto","background-attachment":"scroll","background-type":"","background-media":"","overlay-type":"","overlay-color":"","overlay-opacity":"","overlay-gradient":""},"tablet":{"background-color":"","background-image":"","background-repeat":"repeat","background-position":"center center","background-size":"auto","background-attachment":"scroll","background-type":"","background-media":"","overlay-type":"","overlay-color":"","overlay-opacity":"","overlay-gradient":""},"mobile":{"background-color":"","background-image":"","background-repeat":"repeat","background-position":"center center","background-size":"auto","background-attachment":"scroll","background-type":"","background-media":"","overlay-type":"","overlay-color":"","overlay-opacity":"","overlay-gradient":""}},"ast-content-background-meta":{"desktop":{"background-color":"var(--ast-global-color-5)","background-image":"","background-repeat":"repeat","background-position":"center center","background-size":"auto","background-attachment":"scroll","background-type":"","background-media":"","overlay-type":"","overlay-color":"","overlay-opacity":"","overlay-gradient":""},"tablet":{"background-color":"var(--ast-global-color-5)","background-image":"","background-repeat":"repeat","background-position":"center center","background-size":"auto","background-attachment":"scroll","background-type":"","background-media":"","overlay-type":"","overlay-color":"","overlay-opacity":"","overlay-gradient":""},"mobile":{"background-color":"var(--ast-global-color-5)","background-image":"","background-repeat":"repeat","background-position":"center center","background-size":"auto","background-attachment":"scroll","background-type":"","background-media":"","overlay-type":"","overlay-color":"","overlay-opacity":"","overlay-gradient":""}},"footnotes":""},"categories":[9,4],"tags":[],"class_list":["post-4392","post","type-post","status-publish","format-standard","hentry","category-cs","category-portada"],"post_mailing_queue_ids":[],"_links":{"self":[{"href":"https:\/\/agora.xtec.cat\/escolaolivera\/wp-json\/wp\/v2\/posts\/4392","targetHints":{"allow":["GET"]}}],"collection":[{"href":"https:\/\/agora.xtec.cat\/escolaolivera\/wp-json\/wp\/v2\/posts"}],"about":[{"href":"https:\/\/agora.xtec.cat\/escolaolivera\/wp-json\/wp\/v2\/types\/post"}],"author":[{"embeddable":true,"href":"https:\/\/agora.xtec.cat\/escolaolivera\/wp-json\/wp\/v2\/users\/6"}],"replies":[{"embeddable":true,"href":"https:\/\/agora.xtec.cat\/escolaolivera\/wp-json\/wp\/v2\/comments?post=4392"}],"version-history":[{"count":3,"href":"https:\/\/agora.xtec.cat\/escolaolivera\/wp-json\/wp\/v2\/posts\/4392\/revisions"}],"predecessor-version":[{"id":4416,"href":"https:\/\/agora.xtec.cat\/escolaolivera\/wp-json\/wp\/v2\/posts\/4392\/revisions\/4416"}],"wp:attachment":[{"href":"https:\/\/agora.xtec.cat\/escolaolivera\/wp-json\/wp\/v2\/media?parent=4392"}],"wp:term":[{"taxonomy":"category","embeddable":true,"href":"https:\/\/agora.xtec.cat\/escolaolivera\/wp-json\/wp\/v2\/categories?post=4392"},{"taxonomy":"post_tag","embeddable":true,"href":"https:\/\/agora.xtec.cat\/escolaolivera\/wp-json\/wp\/v2\/tags?post=4392"}],"curies":[{"name":"wp","href":"https:\/\/api.w.org\/{rel}","templated":true}]}}