{"id":2646,"date":"2017-12-20T12:56:45","date_gmt":"2017-12-20T11:56:45","guid":{"rendered":"http:\/\/agora.xtec.cat\/escolaolivar\/?p=2646"},"modified":"2017-12-20T12:57:50","modified_gmt":"2017-12-20T11:57:50","slug":"la-iaia-del-max-i-la-mare-de-lona-ens-visiten","status":"publish","type":"post","link":"https:\/\/agora.xtec.cat\/escolaolivar\/cs\/p5-cs\/la-iaia-del-max-i-la-mare-de-lona-ens-visiten\/","title":{"rendered":"LA IAIA DEL MAX I LA MARE DE L&#8217;ONA ENS VISITEN"},"content":{"rendered":"<p>La Irene, \u00e9s la iaia del Max Chiva, i llevadora.<\/p>\n<p>L\u2019Edurne, \u00e9s la mare de l\u2019 Ona, que segur que ja sabeu que est\u00e0 embarassada.<\/p>\n<p>Aquest dilluns la Irene i l\u2019 Edurne ens han visitat .<\/p>\n<p>La Irene, ens ha explicat com est\u00e0 el fetus dins la panxa de la mare,\u00a0 que \u00e9s la \u201ccorda o la \u201ccua \u201c que veiem i no sab\u00edem qu\u00e8 podia ser. \u00c9s el cord\u00f3 umbilical per on menja el fetus, i despr\u00e9s ens queda el melic.<\/p>\n<p>L\u2019 Edurne ens ha ensenyat la seva panxa, ens ha senyalat\u00a0 on estaven els fetus, perqu\u00e8 s\u00f3n dos !! Ens ha explicat que es mouen i a vegades fan una mica de mal .<\/p>\n<p>La Irene portava un aparell per poder escoltar el cor dels fetus, ha estat una mica complicat , per\u00f2 al final els hem pogut escoltar.<\/p>\n<p>I els nostres Esquirols, atents, amb els ulls ben oberts, escoltant les explicacions de la Irene i l\u2019 Edurne !!!<\/p>\n<p>Gr\u00e0cies, gr\u00e0cies, moltes gr\u00e0cies Irene i Edurne !!<\/p>\n<p><a href=\"https:\/\/photos.app.goo.gl\/1uTorHHXEpDl7vN42\"><img loading=\"lazy\" decoding=\"async\" class=\"alignnone wp-image-2647\" src=\"http:\/\/agora.xtec.cat\/escolaolivar\/wp-content\/uploads\/usu159\/2017\/12\/LLEVADORA.jpg\" alt=\"\" width=\"595\" height=\"627\" srcset=\"https:\/\/agora.xtec.cat\/escolaolivar\/wp-content\/uploads\/usu159\/2017\/12\/LLEVADORA.jpg 881w, https:\/\/agora.xtec.cat\/escolaolivar\/wp-content\/uploads\/usu159\/2017\/12\/LLEVADORA-284x300.jpg 284w, https:\/\/agora.xtec.cat\/escolaolivar\/wp-content\/uploads\/usu159\/2017\/12\/LLEVADORA-768x810.jpg 768w\" sizes=\"auto, (max-width: 595px) 100vw, 595px\" \/><\/a><\/p>\n<p>*si feu click a sobre de la foto s&#8217;obre la galeria d&#8217;imatges.<\/p>\n<p>Esquirols, Gemma, Txell \u00a0i Carmina<\/p>\n","protected":false},"excerpt":{"rendered":"<p>La Irene, \u00e9s la iaia del Max Chiva, i llevadora. L\u2019Edurne, \u00e9s la mare de l\u2019 Ona, que segur que ja sabeu que est\u00e0 embarassada. Aquest dilluns la Irene i l\u2019 Edurne ens han visitat . La Irene, ens ha explicat com est\u00e0 el fetus dins la panxa de la mare,\u00a0 que \u00e9s la \u201ccorda [&hellip;]<\/p>\n","protected":false},"author":24,"featured_media":2647,"comment_status":"open","ping_status":"closed","sticky":false,"template":"","format":"standard","meta":{"_bbp_topic_count":0,"_bbp_reply_count":0,"_bbp_total_topic_count":0,"_bbp_total_reply_count":0,"_bbp_voice_count":0,"_bbp_anonymous_reply_count":0,"_bbp_topic_count_hidden":0,"_bbp_reply_count_hidden":0,"_bbp_forum_subforum_count":0,"site-sidebar-layout":"default","site-content-layout":"","ast-site-content-layout":"","site-content-style":"default","site-sidebar-style":"default","ast-global-header-display":"","ast-banner-title-visibility":"","ast-main-header-display":"","ast-hfb-above-header-display":"","ast-hfb-below-header-display":"","ast-hfb-mobile-header-display":"","site-post-title":"","ast-breadcrumbs-content":"","ast-featured-img":"","footer-sml-layout":"","theme-transparent-header-meta":"","adv-header-id-meta":"","stick-header-meta":"","header-above-stick-meta":"","header-main-stick-meta":"","header-below-stick-meta":"","astra-migrate-meta-layouts":"default","ast-page-background-enabled":"default","ast-page-background-meta":{"desktop":{"background-color":"var(--ast-global-color-4)","background-image":"","background-repeat":"repeat","background-position":"center center","background-size":"auto","background-attachment":"scroll","background-type":"","background-media":"","overlay-type":"","overlay-color":"","overlay-opacity":"","overlay-gradient":""},"tablet":{"background-color":"","background-image":"","background-repeat":"repeat","background-position":"center center","background-size":"auto","background-attachment":"scroll","background-type":"","background-media":"","overlay-type":"","overlay-color":"","overlay-opacity":"","overlay-gradient":""},"mobile":{"background-color":"","background-image":"","background-repeat":"repeat","background-position":"center center","background-size":"auto","background-attachment":"scroll","background-type":"","background-media":"","overlay-type":"","overlay-color":"","overlay-opacity":"","overlay-gradient":""}},"ast-content-background-meta":{"desktop":{"background-color":"var(--ast-global-color-5)","background-image":"","background-repeat":"repeat","background-position":"center center","background-size":"auto","background-attachment":"scroll","background-type":"","background-media":"","overlay-type":"","overlay-color":"","overlay-opacity":"","overlay-gradient":""},"tablet":{"background-color":"var(--ast-global-color-5)","background-image":"","background-repeat":"repeat","background-position":"center center","background-size":"auto","background-attachment":"scroll","background-type":"","background-media":"","overlay-type":"","overlay-color":"","overlay-opacity":"","overlay-gradient":""},"mobile":{"background-color":"var(--ast-global-color-5)","background-image":"","background-repeat":"repeat","background-position":"center center","background-size":"auto","background-attachment":"scroll","background-type":"","background-media":"","overlay-type":"","overlay-color":"","overlay-opacity":"","overlay-gradient":""}},"footnotes":""},"categories":[110],"tags":[],"class_list":["post-2646","post","type-post","status-publish","format-standard","has-post-thumbnail","hentry","category-p5-cs"],"post_mailing_queue_ids":[],"_links":{"self":[{"href":"https:\/\/agora.xtec.cat\/escolaolivar\/wp-json\/wp\/v2\/posts\/2646","targetHints":{"allow":["GET"]}}],"collection":[{"href":"https:\/\/agora.xtec.cat\/escolaolivar\/wp-json\/wp\/v2\/posts"}],"about":[{"href":"https:\/\/agora.xtec.cat\/escolaolivar\/wp-json\/wp\/v2\/types\/post"}],"author":[{"embeddable":true,"href":"https:\/\/agora.xtec.cat\/escolaolivar\/wp-json\/wp\/v2\/users\/24"}],"replies":[{"embeddable":true,"href":"https:\/\/agora.xtec.cat\/escolaolivar\/wp-json\/wp\/v2\/comments?post=2646"}],"version-history":[{"count":2,"href":"https:\/\/agora.xtec.cat\/escolaolivar\/wp-json\/wp\/v2\/posts\/2646\/revisions"}],"predecessor-version":[{"id":2649,"href":"https:\/\/agora.xtec.cat\/escolaolivar\/wp-json\/wp\/v2\/posts\/2646\/revisions\/2649"}],"wp:featuredmedia":[{"embeddable":true,"href":"https:\/\/agora.xtec.cat\/escolaolivar\/wp-json\/wp\/v2\/media\/2647"}],"wp:attachment":[{"href":"https:\/\/agora.xtec.cat\/escolaolivar\/wp-json\/wp\/v2\/media?parent=2646"}],"wp:term":[{"taxonomy":"category","embeddable":true,"href":"https:\/\/agora.xtec.cat\/escolaolivar\/wp-json\/wp\/v2\/categories?post=2646"},{"taxonomy":"post_tag","embeddable":true,"href":"https:\/\/agora.xtec.cat\/escolaolivar\/wp-json\/wp\/v2\/tags?post=2646"}],"curies":[{"name":"wp","href":"https:\/\/api.w.org\/{rel}","templated":true}]}}