{"id":9931,"date":"2021-10-29T20:02:56","date_gmt":"2021-10-29T18:02:56","guid":{"rendered":"https:\/\/agora.xtec.cat\/escolanouclave\/?p=9931"},"modified":"2021-10-29T20:04:48","modified_gmt":"2021-10-29T18:04:48","slug":"castanyada-i-halloween","status":"publish","type":"post","link":"https:\/\/agora.xtec.cat\/escolanouclave\/general\/castanyada-i-halloween\/","title":{"rendered":"CASTANYADA I HALLOWEEN"},"content":{"rendered":"<p><a href=\"https:\/\/agora.xtec.cat\/escolanouclave\/wp-content\/uploads\/usu1363\/2021\/10\/Brown-Natural-Autumn-Sale-Banner.png\"><img loading=\"lazy\" decoding=\"async\" class=\"wp-image-9942 aligncenter\" src=\"https:\/\/agora.xtec.cat\/escolanouclave\/wp-content\/uploads\/usu1363\/2021\/10\/Brown-Natural-Autumn-Sale-Banner-1024x512.png\" alt=\"\" width=\"431\" height=\"216\" srcset=\"https:\/\/agora.xtec.cat\/escolanouclave\/wp-content\/uploads\/usu1363\/2021\/10\/Brown-Natural-Autumn-Sale-Banner-1024x512.png 1024w, https:\/\/agora.xtec.cat\/escolanouclave\/wp-content\/uploads\/usu1363\/2021\/10\/Brown-Natural-Autumn-Sale-Banner-300x150.png 300w, https:\/\/agora.xtec.cat\/escolanouclave\/wp-content\/uploads\/usu1363\/2021\/10\/Brown-Natural-Autumn-Sale-Banner-768x384.png 768w, https:\/\/agora.xtec.cat\/escolanouclave\/wp-content\/uploads\/usu1363\/2021\/10\/Brown-Natural-Autumn-Sale-Banner-1536x768.png 1536w, https:\/\/agora.xtec.cat\/escolanouclave\/wp-content\/uploads\/usu1363\/2021\/10\/Brown-Natural-Autumn-Sale-Banner-2048x1024.png 2048w\" sizes=\"auto, (max-width: 431px) 100vw, 431px\" \/><\/a><\/p>\n<p>La fusi\u00f3 de les tradicions catalanes amb d&#8217;altres de caire internacional, ens permeten treballar diferents cultures sense perdre la nostra ess\u00e8ncia. I \u00e9s que la Castanyada i el Halloween han vingut de la m\u00e0 i ens han portat una setmana d&#8217;all\u00f2 m\u00e9s divertida, on els infants i joves de tota l&#8217;escola han fet un munt d&#8217;activitats relacionades amb les dues tem\u00e0tiques i han estat d&#8217;all\u00f2 m\u00e9s motivats.<\/p>\n<p>Dilluns, l&#8217;alumnat va arribar a l&#8217;escola amb una gran sorpresa: el passad\u00eds de l&#8217;entrada s&#8217;havia convertit en un bosc ple de bolets, pinyes i colors de la tardor!<\/p>\n<p><a href=\"https:\/\/agora.xtec.cat\/escolanouclave\/wp-content\/uploads\/usu1363\/2021\/10\/WhatsApp-Image-2021-10-29-at-19.24.15.jpeg\"><img loading=\"lazy\" decoding=\"async\" class=\"alignnone size-large wp-image-9936\" src=\"https:\/\/agora.xtec.cat\/escolanouclave\/wp-content\/uploads\/usu1363\/2021\/10\/WhatsApp-Image-2021-10-29-at-19.24.15-1024x576.jpeg\" alt=\"\" width=\"1024\" height=\"576\" srcset=\"https:\/\/agora.xtec.cat\/escolanouclave\/wp-content\/uploads\/usu1363\/2021\/10\/WhatsApp-Image-2021-10-29-at-19.24.15-1024x576.jpeg 1024w, https:\/\/agora.xtec.cat\/escolanouclave\/wp-content\/uploads\/usu1363\/2021\/10\/WhatsApp-Image-2021-10-29-at-19.24.15-300x169.jpeg 300w, https:\/\/agora.xtec.cat\/escolanouclave\/wp-content\/uploads\/usu1363\/2021\/10\/WhatsApp-Image-2021-10-29-at-19.24.15-768x432.jpeg 768w, https:\/\/agora.xtec.cat\/escolanouclave\/wp-content\/uploads\/usu1363\/2021\/10\/WhatsApp-Image-2021-10-29-at-19.24.15-1536x864.jpeg 1536w, https:\/\/agora.xtec.cat\/escolanouclave\/wp-content\/uploads\/usu1363\/2021\/10\/WhatsApp-Image-2021-10-29-at-19.24.15.jpeg 2048w\" sizes=\"auto, (max-width: 1024px) 100vw, 1024px\" \/><\/a><\/p>\n<p>A m\u00e9s, com a segona sorpresa, es van trobar els dibuixos que havien pintat (des de P3 fins a 4t d&#8217;ESO) formant garlandes que decoraven tota l&#8217;entrada de l&#8217;escola.<\/p>\n<p><a href=\"https:\/\/agora.xtec.cat\/escolanouclave\/wp-content\/uploads\/usu1363\/2021\/10\/WhatsApp-Image-2021-10-29-at-19.24.27.jpeg\"><img loading=\"lazy\" decoding=\"async\" class=\"alignnone size-large wp-image-9938\" src=\"https:\/\/agora.xtec.cat\/escolanouclave\/wp-content\/uploads\/usu1363\/2021\/10\/WhatsApp-Image-2021-10-29-at-19.24.27-1024x576.jpeg\" alt=\"\" width=\"1024\" height=\"576\" srcset=\"https:\/\/agora.xtec.cat\/escolanouclave\/wp-content\/uploads\/usu1363\/2021\/10\/WhatsApp-Image-2021-10-29-at-19.24.27-1024x576.jpeg 1024w, https:\/\/agora.xtec.cat\/escolanouclave\/wp-content\/uploads\/usu1363\/2021\/10\/WhatsApp-Image-2021-10-29-at-19.24.27-300x169.jpeg 300w, https:\/\/agora.xtec.cat\/escolanouclave\/wp-content\/uploads\/usu1363\/2021\/10\/WhatsApp-Image-2021-10-29-at-19.24.27-768x432.jpeg 768w, https:\/\/agora.xtec.cat\/escolanouclave\/wp-content\/uploads\/usu1363\/2021\/10\/WhatsApp-Image-2021-10-29-at-19.24.27-1536x864.jpeg 1536w, https:\/\/agora.xtec.cat\/escolanouclave\/wp-content\/uploads\/usu1363\/2021\/10\/WhatsApp-Image-2021-10-29-at-19.24.27.jpeg 2048w\" sizes=\"auto, (max-width: 1024px) 100vw, 1024px\" \/><\/a><\/p>\n<p>A l&#8217;\u00e0rea de llengua anglesa s&#8217;han dut a terme activitats per aprendre el vocabulari que acompanya el Halloween. El Halloween Bingo i els Skeletons han triomfat a tots els cursos!<\/p>\n<p><a href=\"https:\/\/agora.xtec.cat\/escolanouclave\/wp-content\/uploads\/usu1363\/2021\/10\/WhatsApp-Image-2021-10-27-at-16.03.08-1.jpeg\"><img loading=\"lazy\" decoding=\"async\" class=\"wp-image-9940 alignleft\" src=\"https:\/\/agora.xtec.cat\/escolanouclave\/wp-content\/uploads\/usu1363\/2021\/10\/WhatsApp-Image-2021-10-27-at-16.03.08-1-1024x498.jpeg\" alt=\"\" width=\"346\" height=\"168\" srcset=\"https:\/\/agora.xtec.cat\/escolanouclave\/wp-content\/uploads\/usu1363\/2021\/10\/WhatsApp-Image-2021-10-27-at-16.03.08-1-1024x498.jpeg 1024w, https:\/\/agora.xtec.cat\/escolanouclave\/wp-content\/uploads\/usu1363\/2021\/10\/WhatsApp-Image-2021-10-27-at-16.03.08-1-300x146.jpeg 300w, https:\/\/agora.xtec.cat\/escolanouclave\/wp-content\/uploads\/usu1363\/2021\/10\/WhatsApp-Image-2021-10-27-at-16.03.08-1-768x373.jpeg 768w, https:\/\/agora.xtec.cat\/escolanouclave\/wp-content\/uploads\/usu1363\/2021\/10\/WhatsApp-Image-2021-10-27-at-16.03.08-1-1536x747.jpeg 1536w, https:\/\/agora.xtec.cat\/escolanouclave\/wp-content\/uploads\/usu1363\/2021\/10\/WhatsApp-Image-2021-10-27-at-16.03.08-1.jpeg 2016w\" sizes=\"auto, (max-width: 346px) 100vw, 346px\" \/><\/a> \u00a0 <a href=\"https:\/\/agora.xtec.cat\/escolanouclave\/wp-content\/uploads\/usu1363\/2021\/10\/WhatsApp-Image-2021-10-27-at-16.46.22-1.jpeg\"><img loading=\"lazy\" decoding=\"async\" class=\"wp-image-9941 alignright\" src=\"https:\/\/agora.xtec.cat\/escolanouclave\/wp-content\/uploads\/usu1363\/2021\/10\/WhatsApp-Image-2021-10-27-at-16.46.22-1-1024x498.jpeg\" alt=\"\" width=\"345\" height=\"168\" srcset=\"https:\/\/agora.xtec.cat\/escolanouclave\/wp-content\/uploads\/usu1363\/2021\/10\/WhatsApp-Image-2021-10-27-at-16.46.22-1-1024x498.jpeg 1024w, https:\/\/agora.xtec.cat\/escolanouclave\/wp-content\/uploads\/usu1363\/2021\/10\/WhatsApp-Image-2021-10-27-at-16.46.22-1-300x146.jpeg 300w, https:\/\/agora.xtec.cat\/escolanouclave\/wp-content\/uploads\/usu1363\/2021\/10\/WhatsApp-Image-2021-10-27-at-16.46.22-1-768x373.jpeg 768w, https:\/\/agora.xtec.cat\/escolanouclave\/wp-content\/uploads\/usu1363\/2021\/10\/WhatsApp-Image-2021-10-27-at-16.46.22-1-1536x747.jpeg 1536w, https:\/\/agora.xtec.cat\/escolanouclave\/wp-content\/uploads\/usu1363\/2021\/10\/WhatsApp-Image-2021-10-27-at-16.46.22-1.jpeg 2016w\" sizes=\"auto, (max-width: 345px) 100vw, 345px\" \/><\/a><\/p>\n<p>&nbsp;<\/p>\n<p>&nbsp;<\/p>\n<p>&nbsp;<\/p>\n<p>&nbsp;<\/p>\n<p>I per fi ha arribat l&#8217;esperat divendres!<\/p>\n<p>L&#8217;alumnat d&#8217;<strong>Infantil<\/strong> ha fet una sortida amb els companys\/es d&#8217;Aula2. Han anat al Parc de Can Mul\u00e0 i han treballat el Castaween! S&#8217;ho han passat molt b\u00e9 i la Maria Castanyera els ha explicat les dues tradicions. Finalment han fet unes disfresses de Halloween d&#8217;all\u00f2 m\u00e9s divertides i a la tarda s&#8217;han disfressat de castanyers i castanyeres!<\/p>\n<p><a href=\"https:\/\/agora.xtec.cat\/escolanouclave\/wp-content\/uploads\/usu1363\/2021\/10\/WhatsApp-Image-2021-10-29-at-19.45.42.jpeg\"><img loading=\"lazy\" decoding=\"async\" class=\"alignnone size-large wp-image-9932\" src=\"https:\/\/agora.xtec.cat\/escolanouclave\/wp-content\/uploads\/usu1363\/2021\/10\/WhatsApp-Image-2021-10-29-at-19.45.42-1024x1024.jpeg\" alt=\"\" width=\"1024\" height=\"1024\" srcset=\"https:\/\/agora.xtec.cat\/escolanouclave\/wp-content\/uploads\/usu1363\/2021\/10\/WhatsApp-Image-2021-10-29-at-19.45.42-1024x1024.jpeg 1024w, https:\/\/agora.xtec.cat\/escolanouclave\/wp-content\/uploads\/usu1363\/2021\/10\/WhatsApp-Image-2021-10-29-at-19.45.42-300x300.jpeg 300w, https:\/\/agora.xtec.cat\/escolanouclave\/wp-content\/uploads\/usu1363\/2021\/10\/WhatsApp-Image-2021-10-29-at-19.45.42-150x150.jpeg 150w, https:\/\/agora.xtec.cat\/escolanouclave\/wp-content\/uploads\/usu1363\/2021\/10\/WhatsApp-Image-2021-10-29-at-19.45.42-768x768.jpeg 768w, https:\/\/agora.xtec.cat\/escolanouclave\/wp-content\/uploads\/usu1363\/2021\/10\/WhatsApp-Image-2021-10-29-at-19.45.42-1536x1536.jpeg 1536w, https:\/\/agora.xtec.cat\/escolanouclave\/wp-content\/uploads\/usu1363\/2021\/10\/WhatsApp-Image-2021-10-29-at-19.45.42.jpeg 2048w\" sizes=\"auto, (max-width: 1024px) 100vw, 1024px\" \/><\/a><\/p>\n<p><strong>Cicle Inicial<\/strong> de prim\u00e0ria han fet una sortida a la Fundaci\u00f3 Mona. Han volgut tenir un dia d&#8217;all\u00f2 m\u00e9s especial i qu\u00e8 millor que fer una excursi\u00f3 tan interessant amb els amics i les amigues! Van treballar les festes durant la setmana: amb diferents manualitats i una tarda de cinema de por amb &#8220;Hotel Transsilv\u00e0nia&#8221;.<\/p>\n<p><a href=\"https:\/\/agora.xtec.cat\/escolanouclave\/wp-content\/uploads\/usu1363\/2021\/10\/WhatsApp-Image-2021-10-29-at-19.45.43.jpeg\"><img loading=\"lazy\" decoding=\"async\" class=\"alignnone size-large wp-image-9933\" src=\"https:\/\/agora.xtec.cat\/escolanouclave\/wp-content\/uploads\/usu1363\/2021\/10\/WhatsApp-Image-2021-10-29-at-19.45.43-1024x1024.jpeg\" alt=\"\" width=\"1024\" height=\"1024\" srcset=\"https:\/\/agora.xtec.cat\/escolanouclave\/wp-content\/uploads\/usu1363\/2021\/10\/WhatsApp-Image-2021-10-29-at-19.45.43-1024x1024.jpeg 1024w, https:\/\/agora.xtec.cat\/escolanouclave\/wp-content\/uploads\/usu1363\/2021\/10\/WhatsApp-Image-2021-10-29-at-19.45.43-300x300.jpeg 300w, https:\/\/agora.xtec.cat\/escolanouclave\/wp-content\/uploads\/usu1363\/2021\/10\/WhatsApp-Image-2021-10-29-at-19.45.43-150x150.jpeg 150w, https:\/\/agora.xtec.cat\/escolanouclave\/wp-content\/uploads\/usu1363\/2021\/10\/WhatsApp-Image-2021-10-29-at-19.45.43-768x768.jpeg 768w, https:\/\/agora.xtec.cat\/escolanouclave\/wp-content\/uploads\/usu1363\/2021\/10\/WhatsApp-Image-2021-10-29-at-19.45.43-1536x1536.jpeg 1536w, https:\/\/agora.xtec.cat\/escolanouclave\/wp-content\/uploads\/usu1363\/2021\/10\/WhatsApp-Image-2021-10-29-at-19.45.43.jpeg 2048w\" sizes=\"auto, (max-width: 1024px) 100vw, 1024px\" \/><\/a><\/p>\n<p><strong>Cicle Mitj\u00e0<\/strong> de prim\u00e0ria, durant el mat\u00ed han fet un taller de panellets i altres activitats, com un Passaparaula de Tardor amb Kahoot i un show de dansa.<\/p>\n<p><strong>Cicle Superior<\/strong> de prim\u00e0ria han fet taller de panellets i, seguidament, han gaudit del Passatge del Terror que han preparat els companys\/es de 4t d&#8217;ESO! Han sortit ben espantats, per\u00f2 sembla que els ha agradat tant que l&#8217;any vinent voldran repetir!<\/p>\n<p><a href=\"https:\/\/agora.xtec.cat\/escolanouclave\/wp-content\/uploads\/usu1363\/2021\/10\/WhatsApp-Image-2021-10-29-at-19.45.44.jpeg\"><img loading=\"lazy\" decoding=\"async\" class=\"alignnone size-large wp-image-9934\" src=\"https:\/\/agora.xtec.cat\/escolanouclave\/wp-content\/uploads\/usu1363\/2021\/10\/WhatsApp-Image-2021-10-29-at-19.45.44-1024x1024.jpeg\" alt=\"\" width=\"1024\" height=\"1024\" srcset=\"https:\/\/agora.xtec.cat\/escolanouclave\/wp-content\/uploads\/usu1363\/2021\/10\/WhatsApp-Image-2021-10-29-at-19.45.44-1024x1024.jpeg 1024w, https:\/\/agora.xtec.cat\/escolanouclave\/wp-content\/uploads\/usu1363\/2021\/10\/WhatsApp-Image-2021-10-29-at-19.45.44-300x300.jpeg 300w, https:\/\/agora.xtec.cat\/escolanouclave\/wp-content\/uploads\/usu1363\/2021\/10\/WhatsApp-Image-2021-10-29-at-19.45.44-150x150.jpeg 150w, https:\/\/agora.xtec.cat\/escolanouclave\/wp-content\/uploads\/usu1363\/2021\/10\/WhatsApp-Image-2021-10-29-at-19.45.44-768x768.jpeg 768w, https:\/\/agora.xtec.cat\/escolanouclave\/wp-content\/uploads\/usu1363\/2021\/10\/WhatsApp-Image-2021-10-29-at-19.45.44-1536x1536.jpeg 1536w, https:\/\/agora.xtec.cat\/escolanouclave\/wp-content\/uploads\/usu1363\/2021\/10\/WhatsApp-Image-2021-10-29-at-19.45.44.jpeg 2048w\" sizes=\"auto, (max-width: 1024px) 100vw, 1024px\" \/><\/a><\/p>\n<p>I a <strong>Secund\u00e0ria<\/strong>&#8230; semblava que a primera hora del mat\u00ed venien ben adormits, per\u00f2 de seguida s&#8217;han despertat. L&#8217;escola a les fosques i uns \u00e9ssers amagats esperant-los per tots costats i fent-los ensurts han fet que tinguessin un bon dia per recordar!<\/p>\n<p>Despr\u00e9s han fet discoteca i han visitat el Passatge del Terror, on els esperaven diverses proves que havien de superar si volien sortir de l&#8217;\u00faltima sala!<\/p>\n<p><a href=\"https:\/\/agora.xtec.cat\/escolanouclave\/wp-content\/uploads\/usu1363\/2021\/10\/WhatsApp-Image-2021-10-29-at-19.45.44-1.jpeg\"><img loading=\"lazy\" decoding=\"async\" class=\"alignnone size-large wp-image-9935\" src=\"https:\/\/agora.xtec.cat\/escolanouclave\/wp-content\/uploads\/usu1363\/2021\/10\/WhatsApp-Image-2021-10-29-at-19.45.44-1-1024x1024.jpeg\" alt=\"\" width=\"1024\" height=\"1024\" srcset=\"https:\/\/agora.xtec.cat\/escolanouclave\/wp-content\/uploads\/usu1363\/2021\/10\/WhatsApp-Image-2021-10-29-at-19.45.44-1-1024x1024.jpeg 1024w, https:\/\/agora.xtec.cat\/escolanouclave\/wp-content\/uploads\/usu1363\/2021\/10\/WhatsApp-Image-2021-10-29-at-19.45.44-1-300x300.jpeg 300w, https:\/\/agora.xtec.cat\/escolanouclave\/wp-content\/uploads\/usu1363\/2021\/10\/WhatsApp-Image-2021-10-29-at-19.45.44-1-150x150.jpeg 150w, https:\/\/agora.xtec.cat\/escolanouclave\/wp-content\/uploads\/usu1363\/2021\/10\/WhatsApp-Image-2021-10-29-at-19.45.44-1-768x768.jpeg 768w, https:\/\/agora.xtec.cat\/escolanouclave\/wp-content\/uploads\/usu1363\/2021\/10\/WhatsApp-Image-2021-10-29-at-19.45.44-1-1536x1536.jpeg 1536w, https:\/\/agora.xtec.cat\/escolanouclave\/wp-content\/uploads\/usu1363\/2021\/10\/WhatsApp-Image-2021-10-29-at-19.45.44-1.jpeg 2048w\" sizes=\"auto, (max-width: 1024px) 100vw, 1024px\" \/><\/a><\/p>\n<p>Despr\u00e9s d&#8217;aquest dia tan divertit i intens, us volem desitjar:<\/p>\n<p><em><strong>Feli\u00e7 Castanyada i Happy Halloween a tothom!<\/strong><\/em><\/p>\n<p>&nbsp;<\/p>\n<p>&nbsp;<\/p>\n","protected":false},"excerpt":{"rendered":"<p>La fusi\u00f3 de les tradicions catalanes amb d&#8217;altres de caire internacional, ens permeten treballar diferents cultures sense perdre la nostra ess\u00e8ncia. I \u00e9s que la Castanyada i el Halloween han vingut de la m\u00e0 i ens han portat una setmana d&#8217;all\u00f2 m\u00e9s divertida, on els infants i joves de tota l&#8217;escola han fet un munt [&hellip;]<\/p>\n","protected":false},"author":22,"featured_media":9942,"comment_status":"open","ping_status":"closed","sticky":false,"template":"","format":"standard","meta":{"_bbp_topic_count":0,"_bbp_reply_count":0,"_bbp_total_topic_count":0,"_bbp_total_reply_count":0,"_bbp_voice_count":0,"_bbp_anonymous_reply_count":0,"_bbp_topic_count_hidden":0,"_bbp_reply_count_hidden":0,"_bbp_forum_subforum_count":0,"site-sidebar-layout":"default","site-content-layout":"","ast-site-content-layout":"","site-content-style":"default","site-sidebar-style":"default","ast-global-header-display":"","ast-banner-title-visibility":"","ast-main-header-display":"","ast-hfb-above-header-display":"","ast-hfb-below-header-display":"","ast-hfb-mobile-header-display":"","site-post-title":"","ast-breadcrumbs-content":"","ast-featured-img":"","footer-sml-layout":"","theme-transparent-header-meta":"","adv-header-id-meta":"","stick-header-meta":"","header-above-stick-meta":"","header-main-stick-meta":"","header-below-stick-meta":"","astra-migrate-meta-layouts":"default","ast-page-background-enabled":"default","ast-page-background-meta":{"desktop":{"background-color":"var(--ast-global-color-4)","background-image":"","background-repeat":"repeat","background-position":"center center","background-size":"auto","background-attachment":"scroll","background-type":"","background-media":"","overlay-type":"","overlay-color":"","overlay-opacity":"","overlay-gradient":""},"tablet":{"background-color":"","background-image":"","background-repeat":"repeat","background-position":"center center","background-size":"auto","background-attachment":"scroll","background-type":"","background-media":"","overlay-type":"","overlay-color":"","overlay-opacity":"","overlay-gradient":""},"mobile":{"background-color":"","background-image":"","background-repeat":"repeat","background-position":"center center","background-size":"auto","background-attachment":"scroll","background-type":"","background-media":"","overlay-type":"","overlay-color":"","overlay-opacity":"","overlay-gradient":""}},"ast-content-background-meta":{"desktop":{"background-color":"var(--ast-global-color-5)","background-image":"","background-repeat":"repeat","background-position":"center center","background-size":"auto","background-attachment":"scroll","background-type":"","background-media":"","overlay-type":"","overlay-color":"","overlay-opacity":"","overlay-gradient":""},"tablet":{"background-color":"var(--ast-global-color-5)","background-image":"","background-repeat":"repeat","background-position":"center center","background-size":"auto","background-attachment":"scroll","background-type":"","background-media":"","overlay-type":"","overlay-color":"","overlay-opacity":"","overlay-gradient":""},"mobile":{"background-color":"var(--ast-global-color-5)","background-image":"","background-repeat":"repeat","background-position":"center center","background-size":"auto","background-attachment":"scroll","background-type":"","background-media":"","overlay-type":"","overlay-color":"","overlay-opacity":"","overlay-gradient":""}},"footnotes":""},"categories":[1],"tags":[84,85,1041,1042],"class_list":["post-9931","post","type-post","status-publish","format-standard","has-post-thumbnail","hentry","category-general","tag-castanyada","tag-halloween","tag-avancempertu","tag-somanselmclave"],"post_mailing_queue_ids":[],"_links":{"self":[{"href":"https:\/\/agora.xtec.cat\/escolanouclave\/wp-json\/wp\/v2\/posts\/9931","targetHints":{"allow":["GET"]}}],"collection":[{"href":"https:\/\/agora.xtec.cat\/escolanouclave\/wp-json\/wp\/v2\/posts"}],"about":[{"href":"https:\/\/agora.xtec.cat\/escolanouclave\/wp-json\/wp\/v2\/types\/post"}],"author":[{"embeddable":true,"href":"https:\/\/agora.xtec.cat\/escolanouclave\/wp-json\/wp\/v2\/users\/22"}],"replies":[{"embeddable":true,"href":"https:\/\/agora.xtec.cat\/escolanouclave\/wp-json\/wp\/v2\/comments?post=9931"}],"version-history":[{"count":1,"href":"https:\/\/agora.xtec.cat\/escolanouclave\/wp-json\/wp\/v2\/posts\/9931\/revisions"}],"predecessor-version":[{"id":9943,"href":"https:\/\/agora.xtec.cat\/escolanouclave\/wp-json\/wp\/v2\/posts\/9931\/revisions\/9943"}],"wp:featuredmedia":[{"embeddable":true,"href":"https:\/\/agora.xtec.cat\/escolanouclave\/wp-json\/wp\/v2\/media\/9942"}],"wp:attachment":[{"href":"https:\/\/agora.xtec.cat\/escolanouclave\/wp-json\/wp\/v2\/media?parent=9931"}],"wp:term":[{"taxonomy":"category","embeddable":true,"href":"https:\/\/agora.xtec.cat\/escolanouclave\/wp-json\/wp\/v2\/categories?post=9931"},{"taxonomy":"post_tag","embeddable":true,"href":"https:\/\/agora.xtec.cat\/escolanouclave\/wp-json\/wp\/v2\/tags?post=9931"}],"curies":[{"name":"wp","href":"https:\/\/api.w.org\/{rel}","templated":true}]}}