{"id":9888,"date":"2021-10-23T10:20:33","date_gmt":"2021-10-23T08:20:33","guid":{"rendered":"https:\/\/agora.xtec.cat\/escolanouclave\/?p=9888"},"modified":"2021-10-23T10:39:21","modified_gmt":"2021-10-23T08:39:21","slug":"emprenedoria","status":"publish","type":"post","link":"https:\/\/agora.xtec.cat\/escolanouclave\/general\/emprenedoria\/","title":{"rendered":"Emprenedoria"},"content":{"rendered":"<p><span style=\"font-family: inherit;font-size: 1em\">A 5\u00e8 de prim\u00e0ria participem al <strong>Programa Cultura Emprenedora a l\u2019Escola (CuEmE)<\/strong> que vincula els ajuntaments i les escoles per fomentar la cultura emprenedora en el cicle superior d\u2019educaci\u00f3 prim\u00e0ria, desenvolupant els valors, els h\u00e0bits i les capacitats de l\u2019emprenedoria.\u00a0<\/span>Durant un curs l\u2019alumnat crea i gestiona una cooperativa escolar amb el suport de la comunitat educativa, l\u2019Administraci\u00f3 i altres agents socials de la seva localitat.<\/p>\n\r\n\t<div class=\"slideshow_container slideshow_container_style-light\" style=\"height: 300px; \" data-slideshow-id=\"9889\" data-style-name=\"style-light\" data-style-version=\"2.3.1\" >\r\n\r\n\t\t\t\t\t<div class=\"slideshow_loading_icon\"><\/div>\r\n\t\t\r\n\t\t<div class=\"slideshow_content\" style=\"display: none;\">\r\n\r\n\t\t\t<div class=\"slideshow_view\">\r\n\t\t\t\t<div class=\"slideshow_slide slideshow_slide_image\">\r\n\t\t\t\t\t\t\t\t\t\t\t<img src=\"https:\/\/agora.xtec.cat\/escolanouclave\/wp-content\/uploads\/usu1363\/2021\/10\/Captura-de-pantalla-2021-10-22-a-las-21.27.23.png\" alt=\"Captura de pantalla 2021-10-22 a las 21.27.23\" width=\"708\" height=\"532\" \/>\r\n\t\t\t\t\t\t\t\t\t\t<div class=\"slideshow_description_box slideshow_transparent\">\r\n\t\t\t\t\t\t<div class=\"slideshow_title\">Captura de pantalla 2021-10-22 a las 21.27.23<\/div>\t\t\t\t\t\t\t\t\t\t\t<\/div>\r\n\t\t\t\t<\/div>\r\n\r\n\t\t\t\t\t\t<div style=\"clear: both;\"><\/div><\/div><div class=\"slideshow_view\">\r\n\t\t\t\t<div class=\"slideshow_slide slideshow_slide_image\">\r\n\t\t\t\t\t\t\t\t\t\t\t<img src=\"https:\/\/agora.xtec.cat\/escolanouclave\/wp-content\/uploads\/usu1363\/2021\/10\/Captura-de-pantalla-2021-10-22-a-las-21.27.08.png\" alt=\"Captura de pantalla 2021-10-22 a las 21.27.08\" width=\"719\" height=\"536\" \/>\r\n\t\t\t\t\t\t\t\t\t\t<div class=\"slideshow_description_box slideshow_transparent\">\r\n\t\t\t\t\t\t<div class=\"slideshow_title\">Captura de pantalla 2021-10-22 a las 21.27.08<\/div>\t\t\t\t\t\t\t\t\t\t\t<\/div>\r\n\t\t\t\t<\/div>\r\n\r\n\t\t\t\t\t\t<div style=\"clear: both;\"><\/div><\/div><div class=\"slideshow_view\">\r\n\t\t\t\t<div class=\"slideshow_slide slideshow_slide_image\">\r\n\t\t\t\t\t\t\t\t\t\t\t<img src=\"https:\/\/agora.xtec.cat\/escolanouclave\/wp-content\/uploads\/usu1363\/2021\/10\/Captura-de-pantalla-2021-10-22-a-las-21.26.55.png\" alt=\"Captura de pantalla 2021-10-22 a las 21.26.55\" width=\"392\" height=\"427\" \/>\r\n\t\t\t\t\t\t\t\t\t\t<div class=\"slideshow_description_box slideshow_transparent\">\r\n\t\t\t\t\t\t<div class=\"slideshow_title\">Captura de pantalla 2021-10-22 a las 21.26.55<\/div>\t\t\t\t\t\t\t\t\t\t\t<\/div>\r\n\t\t\t\t<\/div>\r\n\r\n\t\t\t\t\t\t<div style=\"clear: both;\"><\/div><\/div><div class=\"slideshow_view\">\r\n\t\t\t\t<div class=\"slideshow_slide slideshow_slide_image\">\r\n\t\t\t\t\t\t\t\t\t\t\t<img src=\"https:\/\/agora.xtec.cat\/escolanouclave\/wp-content\/uploads\/usu1363\/2021\/10\/Captura-de-pantalla-2021-10-22-a-las-21.26.37.png\" alt=\"Captura de pantalla 2021-10-22 a las 21.26.37\" width=\"389\" height=\"473\" \/>\r\n\t\t\t\t\t\t\t\t\t\t<div class=\"slideshow_description_box slideshow_transparent\">\r\n\t\t\t\t\t\t<div class=\"slideshow_title\">Captura de pantalla 2021-10-22 a las 21.26.37<\/div>\t\t\t\t\t\t\t\t\t\t\t<\/div>\r\n\t\t\t\t<\/div>\r\n\r\n\t\t\t\t\t\t<div style=\"clear: both;\"><\/div><\/div>\r\n\t\t<\/div>\r\n\r\n\t\t<div class=\"slideshow_controlPanel slideshow_transparent\" style=\"display: none;\"><ul><li class=\"slideshow_togglePlay\" data-play-text=\"Visualitza\" data-pause-text=\"Pausa\"><\/li><\/ul><\/div>\r\n\r\n\t\t<div class=\"slideshow_button slideshow_previous slideshow_transparent\" role=\"button\" data-previous-text=\"Anterior\" style=\"display: none;\"><\/div>\r\n\t\t<div class=\"slideshow_button slideshow_next slideshow_transparent\" role=\"button\" data-next-text=\"Seg\u00fcent\" style=\"display: none;\"><\/div>\r\n\r\n\t\t<div class=\"slideshow_pagination\" style=\"display: none;\" data-go-to-text=\"V\u00e9s a la diapositiva\"><div class=\"slideshow_pagination_center\"><\/div><\/div>\r\n\r\n\t\t<!-- WordPress Slideshow Version 2.3.1 -->\r\n\r\n\t\t\t<\/div>\r\n\r\n\n<p><strong>Per qu\u00e8 promovem l\u2019esperit emprenedor?<\/strong><br \/>\n1. Capacita les persones per impulsar els seus projectes vitals i professionals.<br \/>\n2. Contribueix a la millora de l\u2019\u00e8xit educatiu.<br \/>\n3. Incrementa el nivell i la qualitat del treball.<br \/>\n4. Augmenta la implicaci\u00f3 entre els sistemes educatiu i productiu.<br \/>\n5. Promou territoris amb ecosistemes emprenedors.<\/p>\n<p><strong>Per qu\u00e8 amb un model cooperatiu?<\/strong><br \/>\n1. Es gestiona de manera democr\u00e0tica i participativa.<br \/>\n2. Promou valors com la solidaritat, la igualtat d\u2019oportunitats i l\u2019equitat.<br \/>\n3. Refor\u00e7a la responsabilitat social.<\/p>\n<p>Els objectius s\u00f3n: treballar els valors, habilitats i capacitats vinculats a l\u2019emprenedoria; la curiositat, la iniciativa, la comunicaci\u00f3, la responsabilitat, la creativitat, la planificaci\u00f3, el treball en equip, l\u2019autoconfian\u00e7a o la soluci\u00f3 de problemes i la presa de decisions. A m\u00e9s, a trav\u00e9s d&#8217;aquest projecte\u00a0es treballen, de forma transversal, totes les compet\u00e8ncies clau del curr\u00edculum.<\/p>\n<p><strong>Les tasques i activitats que de moment hem dut a terme s\u00f3n:<\/strong><\/p>\n<ul>\n<li>Entendre la difer\u00e8ncia entre una empresa i una cooperativa.<\/li>\n<li>Saber qu\u00e8 \u00e9s un logo i investigar els logos de diferents empreses pioneres.<\/li>\n<li>Elecci\u00f3 dels c\u00e0rrecs de la nostra cooperativa.<\/li>\n<\/ul>\n<p>El seg\u00fcent pas ser\u00e0 triar el nom de la nostra cooperativa i el seu logo. Ja us anirem informant dels nostres progressos!<\/p>\n<p><a href=\"https:\/\/agora.xtec.cat\/escolanouclave\/wp-content\/uploads\/usu1363\/2021\/10\/Captura-de-pantalla-2021-10-23-a-las-10.23.34.png\"><img loading=\"lazy\" decoding=\"async\" class=\"aligncenter size-full wp-image-9909\" src=\"https:\/\/agora.xtec.cat\/escolanouclave\/wp-content\/uploads\/usu1363\/2021\/10\/Captura-de-pantalla-2021-10-23-a-las-10.23.34.png\" alt=\"\" width=\"615\" height=\"489\" srcset=\"https:\/\/agora.xtec.cat\/escolanouclave\/wp-content\/uploads\/usu1363\/2021\/10\/Captura-de-pantalla-2021-10-23-a-las-10.23.34.png 615w, https:\/\/agora.xtec.cat\/escolanouclave\/wp-content\/uploads\/usu1363\/2021\/10\/Captura-de-pantalla-2021-10-23-a-las-10.23.34-300x239.png 300w\" sizes=\"auto, (max-width: 615px) 100vw, 615px\" \/><\/a><\/p>\n<p>&nbsp;<\/p>\n<p>&nbsp;<\/p>\n","protected":false},"excerpt":{"rendered":"<p>A 5\u00e8 de prim\u00e0ria participem al Programa Cultura Emprenedora a l\u2019Escola (CuEmE) que vincula els ajuntaments i les escoles per fomentar la cultura emprenedora en el cicle superior d\u2019educaci\u00f3 prim\u00e0ria, desenvolupant els valors, els h\u00e0bits i les capacitats de l\u2019emprenedoria.\u00a0Durant un curs l\u2019alumnat crea i gestiona una cooperativa escolar amb el suport de la comunitat [&hellip;]<\/p>\n","protected":false},"author":17,"featured_media":9913,"comment_status":"open","ping_status":"closed","sticky":false,"template":"","format":"standard","meta":{"_bbp_topic_count":0,"_bbp_reply_count":0,"_bbp_total_topic_count":0,"_bbp_total_reply_count":0,"_bbp_voice_count":0,"_bbp_anonymous_reply_count":0,"_bbp_topic_count_hidden":0,"_bbp_reply_count_hidden":0,"_bbp_forum_subforum_count":0,"site-sidebar-layout":"default","site-content-layout":"","ast-site-content-layout":"","site-content-style":"default","site-sidebar-style":"default","ast-global-header-display":"","ast-banner-title-visibility":"","ast-main-header-display":"","ast-hfb-above-header-display":"","ast-hfb-below-header-display":"","ast-hfb-mobile-header-display":"","site-post-title":"","ast-breadcrumbs-content":"","ast-featured-img":"","footer-sml-layout":"","theme-transparent-header-meta":"","adv-header-id-meta":"","stick-header-meta":"","header-above-stick-meta":"","header-main-stick-meta":"","header-below-stick-meta":"","astra-migrate-meta-layouts":"default","ast-page-background-enabled":"default","ast-page-background-meta":{"desktop":{"background-color":"var(--ast-global-color-4)","background-image":"","background-repeat":"repeat","background-position":"center center","background-size":"auto","background-attachment":"scroll","background-type":"","background-media":"","overlay-type":"","overlay-color":"","overlay-opacity":"","overlay-gradient":""},"tablet":{"background-color":"","background-image":"","background-repeat":"repeat","background-position":"center center","background-size":"auto","background-attachment":"scroll","background-type":"","background-media":"","overlay-type":"","overlay-color":"","overlay-opacity":"","overlay-gradient":""},"mobile":{"background-color":"","background-image":"","background-repeat":"repeat","background-position":"center center","background-size":"auto","background-attachment":"scroll","background-type":"","background-media":"","overlay-type":"","overlay-color":"","overlay-opacity":"","overlay-gradient":""}},"ast-content-background-meta":{"desktop":{"background-color":"var(--ast-global-color-5)","background-image":"","background-repeat":"repeat","background-position":"center center","background-size":"auto","background-attachment":"scroll","background-type":"","background-media":"","overlay-type":"","overlay-color":"","overlay-opacity":"","overlay-gradient":""},"tablet":{"background-color":"var(--ast-global-color-5)","background-image":"","background-repeat":"repeat","background-position":"center center","background-size":"auto","background-attachment":"scroll","background-type":"","background-media":"","overlay-type":"","overlay-color":"","overlay-opacity":"","overlay-gradient":""},"mobile":{"background-color":"var(--ast-global-color-5)","background-image":"","background-repeat":"repeat","background-position":"center center","background-size":"auto","background-attachment":"scroll","background-type":"","background-media":"","overlay-type":"","overlay-color":"","overlay-opacity":"","overlay-gradient":""}},"footnotes":""},"categories":[14,1,5],"tags":[1038,1039,1040],"class_list":["post-9888","post","type-post","status-publish","format-standard","has-post-thumbnail","hentry","category-5e","category-general","category-primaria","tag-cooperativa","tag-cueme","tag-emprenedoria"],"post_mailing_queue_ids":[],"_links":{"self":[{"href":"https:\/\/agora.xtec.cat\/escolanouclave\/wp-json\/wp\/v2\/posts\/9888","targetHints":{"allow":["GET"]}}],"collection":[{"href":"https:\/\/agora.xtec.cat\/escolanouclave\/wp-json\/wp\/v2\/posts"}],"about":[{"href":"https:\/\/agora.xtec.cat\/escolanouclave\/wp-json\/wp\/v2\/types\/post"}],"author":[{"embeddable":true,"href":"https:\/\/agora.xtec.cat\/escolanouclave\/wp-json\/wp\/v2\/users\/17"}],"replies":[{"embeddable":true,"href":"https:\/\/agora.xtec.cat\/escolanouclave\/wp-json\/wp\/v2\/comments?post=9888"}],"version-history":[{"count":2,"href":"https:\/\/agora.xtec.cat\/escolanouclave\/wp-json\/wp\/v2\/posts\/9888\/revisions"}],"predecessor-version":[{"id":9916,"href":"https:\/\/agora.xtec.cat\/escolanouclave\/wp-json\/wp\/v2\/posts\/9888\/revisions\/9916"}],"wp:featuredmedia":[{"embeddable":true,"href":"https:\/\/agora.xtec.cat\/escolanouclave\/wp-json\/wp\/v2\/media\/9913"}],"wp:attachment":[{"href":"https:\/\/agora.xtec.cat\/escolanouclave\/wp-json\/wp\/v2\/media?parent=9888"}],"wp:term":[{"taxonomy":"category","embeddable":true,"href":"https:\/\/agora.xtec.cat\/escolanouclave\/wp-json\/wp\/v2\/categories?post=9888"},{"taxonomy":"post_tag","embeddable":true,"href":"https:\/\/agora.xtec.cat\/escolanouclave\/wp-json\/wp\/v2\/tags?post=9888"}],"curies":[{"name":"wp","href":"https:\/\/api.w.org\/{rel}","templated":true}]}}