{"id":9818,"date":"2021-10-04T15:24:38","date_gmt":"2021-10-04T13:24:38","guid":{"rendered":"https:\/\/agora.xtec.cat\/escolanouclave\/?p=9818"},"modified":"2021-10-06T09:37:12","modified_gmt":"2021-10-06T07:37:12","slug":"projecte-pau-justicia-i-institucions-solides","status":"publish","type":"post","link":"https:\/\/agora.xtec.cat\/escolanouclave\/general\/projecte-pau-justicia-i-institucions-solides\/","title":{"rendered":"Projecte: Pau, just\u00edcia i institucions s\u00f2lides."},"content":{"rendered":"<p><a href=\"https:\/\/agora.xtec.cat\/escolanouclave\/wp-content\/uploads\/usu1363\/2021\/10\/FAniu_3XoAYxaxX.jpg\"><img loading=\"lazy\" decoding=\"async\" class=\"wp-image-9822 alignleft\" src=\"https:\/\/agora.xtec.cat\/escolanouclave\/wp-content\/uploads\/usu1363\/2021\/10\/FAniu_3XoAYxaxX.jpg\" alt=\"\" width=\"329\" height=\"411\" srcset=\"https:\/\/agora.xtec.cat\/escolanouclave\/wp-content\/uploads\/usu1363\/2021\/10\/FAniu_3XoAYxaxX.jpg 544w, https:\/\/agora.xtec.cat\/escolanouclave\/wp-content\/uploads\/usu1363\/2021\/10\/FAniu_3XoAYxaxX-240x300.jpg 240w\" sizes=\"auto, (max-width: 329px) 100vw, 329px\" \/><\/a>Durant aquest curs 2021-2022, l&#8217;alumnat de Secund\u00e0ria continua aprofundint els seus coneixements sobre els Objectius de Desenvolupament Sostenible de l&#8217;Agenda 2030, una tem\u00e0tica tractada principalment a trav\u00e9s del treball per projectes. El primer dels objectius ha estat el de Pau, just\u00edcia i institucions s\u00f2lides, que intenta promoure societats pac\u00edfiques i inclusives per al desenvolupament sostenible, facilitar l&#8217;acc\u00e9s a la just\u00edcia per a tothom i crear institucions eficaces, responsables i inclusives a tots els nivells.<\/p>\n<p>El fil d&#8217;aquest projecte ha estat el conflicte afgan\u00e8s actual. Durant les sessions s&#8217;ha investigat sobre la realitat geogr\u00e0fica del territori, aix\u00ed com ha estat analitzada la guerra (b\u00e0ndols, ideologies&#8230;) i le<span style=\"font-family: inherit; font-size: 1em;\">s seves possibles vies de soluci\u00f3. Aquests aspectes han anat sempre en paral\u00b7lel a din\u00e0miques d&#8217;aula, durant les quals s&#8217;ha ofert una formaci\u00f3 inicial sobre mediaci\u00f3 escolar, sempre amb l&#8217;objectiu de millorar la conviv\u00e8ncia entre iguals. Un altre dels objectius d&#8217;aquest projecte \u00e9s el nomenament dels i les guaites. La finalitat d&#8217;aquests c\u00e0rrecs, sempre voluntaris, \u00e9s detectar i aturar possibles situacions d&#8217;assetjament i altres accions que dificultin les relacions l&#8217;alumnat. Aquesta pr\u00e0ctica, inclosa dins el programa Aqu\u00ed prou <\/span><span class=\"hiddenGreenError\" style=\"padding-bottom: 2px; background-image: url('..\/..\/..\/..\/..\/images\/squiggle_green.png'); background-repeat: repeat-x; background-position: left bottom; cursor: default; color: #000000; font-family: 'Open Sans', Helvetica, Arial, sans-serif; font-size: 16px; font-style: normal; font-variant-ligatures: normal; font-variant-caps: normal; font-weight: 300; letter-spacing: normal; orphans: 2; text-align: start; text-indent: 0px; text-transform: none; white-space: normal; widows: 2; word-spacing: 0px; -webkit-text-stroke-width: 0px; text-decoration-thickness: initial; text-decoration-style: initial; text-decoration-color: initial;\">bullying<\/span><span style=\"font-family: inherit; font-size: 1em;\">, \u00e9s una forma de servei comunitari on l&#8217;alumnat aprendr\u00e0 a implicar-se, deixant de ser observador del que passa al seu voltant i prenent consci\u00e8ncia de la necessitat d&#8217;actuar i comprometre&#8217;s en la millora de la conviv\u00e8ncia i en la gesti\u00f3 positiva dels conflictes.<\/span><\/p>\n<p>Durant el projecte s&#8217;ha celebrat activament dues festivitats vinculades amb la tem\u00e0tica de la Pau. D&#8217;una banda, el 21 de setembre, l&#8217;alumnat va participar en unes din\u00e0miques\u00a0sobre\u00a0els rumors, les seves conseq\u00fc\u00e8ncies i la manera de tallar-los. D&#8217;altra banda, amb motiu de la commemoraci\u00f3 del Dia Internacional de la\u00a0<span class=\"hiddenGrammarError\" style=\"padding-bottom: 2px; background-image: url('..\/..\/..\/..\/..\/images\/squiggle.png'); background-repeat: repeat-x; background-position: left bottom; cursor: default; color: #000000; font-family: 'Open Sans', Helvetica, Arial, sans-serif; font-size: 16px; font-style: normal; font-variant-ligatures: normal; font-variant-caps: normal; font-weight: 300; letter-spacing: normal; orphans: 2; text-align: start; text-indent: 0px; text-transform: none; white-space: normal; widows: 2; word-spacing: 0px; -webkit-text-stroke-width: 0px; text-decoration-thickness: initial; text-decoration-style: initial; text-decoration-color: initial;\">No Viol\u00e8ncia<\/span>, les noies i els nois van redactar col\u00b7laborativament un manifest per la Pau, que va ser llegit a totes les aules.<\/p>\n<p>Si voleu llegir el manifest feu clic <a href=\"https:\/\/agora.xtec.cat\/escolanouclave\/wp-content\/uploads\/usu1363\/2021\/10\/Manifest-per-la-Pau-2021.pdf\"><strong>AQU\u00cd<\/strong><\/a><\/p>\n","protected":false},"excerpt":{"rendered":"<p>Durant aquest curs 2021-2022, l&#8217;alumnat de Secund\u00e0ria continua aprofundint els seus coneixements sobre els Objectius de Desenvolupament Sostenible de l&#8217;Agenda 2030, una tem\u00e0tica tractada principalment a trav\u00e9s del treball per projectes. El primer dels objectius ha estat el de Pau, just\u00edcia i institucions s\u00f2lides, que intenta promoure societats pac\u00edfiques i inclusives per al desenvolupament sostenible, [&hellip;]<\/p>\n","protected":false},"author":1,"featured_media":9826,"comment_status":"open","ping_status":"closed","sticky":false,"template":"","format":"standard","meta":{"_bbp_topic_count":0,"_bbp_reply_count":0,"_bbp_total_topic_count":0,"_bbp_total_reply_count":0,"_bbp_voice_count":0,"_bbp_anonymous_reply_count":0,"_bbp_topic_count_hidden":0,"_bbp_reply_count_hidden":0,"_bbp_forum_subforum_count":0,"site-sidebar-layout":"default","site-content-layout":"","ast-site-content-layout":"","site-content-style":"default","site-sidebar-style":"default","ast-global-header-display":"","ast-banner-title-visibility":"","ast-main-header-display":"","ast-hfb-above-header-display":"","ast-hfb-below-header-display":"","ast-hfb-mobile-header-display":"","site-post-title":"","ast-breadcrumbs-content":"","ast-featured-img":"","footer-sml-layout":"","theme-transparent-header-meta":"","adv-header-id-meta":"","stick-header-meta":"","header-above-stick-meta":"","header-main-stick-meta":"","header-below-stick-meta":"","astra-migrate-meta-layouts":"default","ast-page-background-enabled":"default","ast-page-background-meta":{"desktop":{"background-color":"var(--ast-global-color-4)","background-image":"","background-repeat":"repeat","background-position":"center center","background-size":"auto","background-attachment":"scroll","background-type":"","background-media":"","overlay-type":"","overlay-color":"","overlay-opacity":"","overlay-gradient":""},"tablet":{"background-color":"","background-image":"","background-repeat":"repeat","background-position":"center center","background-size":"auto","background-attachment":"scroll","background-type":"","background-media":"","overlay-type":"","overlay-color":"","overlay-opacity":"","overlay-gradient":""},"mobile":{"background-color":"","background-image":"","background-repeat":"repeat","background-position":"center center","background-size":"auto","background-attachment":"scroll","background-type":"","background-media":"","overlay-type":"","overlay-color":"","overlay-opacity":"","overlay-gradient":""}},"ast-content-background-meta":{"desktop":{"background-color":"var(--ast-global-color-5)","background-image":"","background-repeat":"repeat","background-position":"center center","background-size":"auto","background-attachment":"scroll","background-type":"","background-media":"","overlay-type":"","overlay-color":"","overlay-opacity":"","overlay-gradient":""},"tablet":{"background-color":"var(--ast-global-color-5)","background-image":"","background-repeat":"repeat","background-position":"center center","background-size":"auto","background-attachment":"scroll","background-type":"","background-media":"","overlay-type":"","overlay-color":"","overlay-opacity":"","overlay-gradient":""},"mobile":{"background-color":"var(--ast-global-color-5)","background-image":"","background-repeat":"repeat","background-position":"center center","background-size":"auto","background-attachment":"scroll","background-type":"","background-media":"","overlay-type":"","overlay-color":"","overlay-opacity":"","overlay-gradient":""}},"footnotes":""},"categories":[78,77,80,81,1030,1,943,75],"tags":[1027,1029,947,1028,946],"class_list":["post-9818","post","type-post","status-publish","format-standard","has-post-thumbnail","hentry","category-1r-eso","category-2n-eso","category-3r-eso","category-4t-eso","category-aqui-prou-bullying","category-general","category-ods-2030","category-secundaria","tag-aquiproubullying","tag-justicia","tag-ods2030","tag-pau","tag-sostenibilitat"],"post_mailing_queue_ids":[],"_links":{"self":[{"href":"https:\/\/agora.xtec.cat\/escolanouclave\/wp-json\/wp\/v2\/posts\/9818","targetHints":{"allow":["GET"]}}],"collection":[{"href":"https:\/\/agora.xtec.cat\/escolanouclave\/wp-json\/wp\/v2\/posts"}],"about":[{"href":"https:\/\/agora.xtec.cat\/escolanouclave\/wp-json\/wp\/v2\/types\/post"}],"author":[{"embeddable":true,"href":"https:\/\/agora.xtec.cat\/escolanouclave\/wp-json\/wp\/v2\/users\/1"}],"replies":[{"embeddable":true,"href":"https:\/\/agora.xtec.cat\/escolanouclave\/wp-json\/wp\/v2\/comments?post=9818"}],"version-history":[{"count":2,"href":"https:\/\/agora.xtec.cat\/escolanouclave\/wp-json\/wp\/v2\/posts\/9818\/revisions"}],"predecessor-version":[{"id":9824,"href":"https:\/\/agora.xtec.cat\/escolanouclave\/wp-json\/wp\/v2\/posts\/9818\/revisions\/9824"}],"wp:featuredmedia":[{"embeddable":true,"href":"https:\/\/agora.xtec.cat\/escolanouclave\/wp-json\/wp\/v2\/media\/9826"}],"wp:attachment":[{"href":"https:\/\/agora.xtec.cat\/escolanouclave\/wp-json\/wp\/v2\/media?parent=9818"}],"wp:term":[{"taxonomy":"category","embeddable":true,"href":"https:\/\/agora.xtec.cat\/escolanouclave\/wp-json\/wp\/v2\/categories?post=9818"},{"taxonomy":"post_tag","embeddable":true,"href":"https:\/\/agora.xtec.cat\/escolanouclave\/wp-json\/wp\/v2\/tags?post=9818"}],"curies":[{"name":"wp","href":"https:\/\/api.w.org\/{rel}","templated":true}]}}