{"id":9734,"date":"2021-06-10T11:26:51","date_gmt":"2021-06-10T09:26:51","guid":{"rendered":"http:\/\/agora.xtec.cat\/escolanouclave\/?p=9734"},"modified":"2021-06-10T11:47:08","modified_gmt":"2021-06-10T09:47:08","slug":"ed-infantil-sortida-miro-a-traves-dun-conte","status":"publish","type":"post","link":"https:\/\/agora.xtec.cat\/escolanouclave\/general\/ed-infantil-sortida-miro-a-traves-dun-conte\/","title":{"rendered":"ED. INFANTIL \/ SORTIDA :   &#8221; MIR\u00d3 a trav\u00e8s d\u00b4un conte&#8221;"},"content":{"rendered":"<p>&nbsp;<\/p>\n<p>&nbsp;<\/p>\n<p>Els nens d\u00b4educaci\u00f3 infantil de l\u00b4escola Anselm Clav\u00e9 hem fet una sortida al parc de Can Mul\u00e0 on hem conegut la biografia i obra del pintor Joan Mir\u00f3 a trav\u00e8s d\u00b4un conte. Hem fet un circuit amb diferents racons on hem treballat aspectes concrets d\u00b4alguns quadres ( la l\u00ednia, el color&#8230;) i hem pogut experimentar de manera vivencial les diferents t\u00e8cniques de pintura i escultura.<\/p>\n<p>Ens hem convertit en tots uns ARTISTES. Ha estat una experi\u00e8ncia plena de color, descoberta i imaginaci\u00f3, A trav\u00e8s de la creativitat i espontane\u00eftat hem viscut un dia diferent , un dia per repetir. L\u00b4experi\u00e8ncia ha estat fant\u00e0stica.<\/p>\n<p><a href=\"https:\/\/agora.xtec.cat\/escolanouclave\/wp-content\/uploads\/usu1363\/2021\/06\/PHOTO-2021-06-04-16-02-03.jpg\"><img loading=\"lazy\" decoding=\"async\" class=\"wp-image-9735 alignleft\" src=\"https:\/\/agora.xtec.cat\/escolanouclave\/wp-content\/uploads\/usu1363\/2021\/06\/PHOTO-2021-06-04-16-02-03-1024x1024.jpg\" alt=\"\" width=\"428\" height=\"428\" srcset=\"https:\/\/agora.xtec.cat\/escolanouclave\/wp-content\/uploads\/usu1363\/2021\/06\/PHOTO-2021-06-04-16-02-03-1024x1024.jpg 1024w, https:\/\/agora.xtec.cat\/escolanouclave\/wp-content\/uploads\/usu1363\/2021\/06\/PHOTO-2021-06-04-16-02-03-150x150.jpg 150w, https:\/\/agora.xtec.cat\/escolanouclave\/wp-content\/uploads\/usu1363\/2021\/06\/PHOTO-2021-06-04-16-02-03-300x300.jpg 300w, https:\/\/agora.xtec.cat\/escolanouclave\/wp-content\/uploads\/usu1363\/2021\/06\/PHOTO-2021-06-04-16-02-03-768x768.jpg 768w, https:\/\/agora.xtec.cat\/escolanouclave\/wp-content\/uploads\/usu1363\/2021\/06\/PHOTO-2021-06-04-16-02-03.jpg 2048w\" sizes=\"auto, (max-width: 428px) 100vw, 428px\" \/><\/a><a href=\"https:\/\/agora.xtec.cat\/escolanouclave\/wp-content\/uploads\/usu1363\/2021\/06\/PHOTO-2021-06-04-16-02-04.jpg\"><img loading=\"lazy\" decoding=\"async\" class=\"wp-image-9736 alignleft\" src=\"https:\/\/agora.xtec.cat\/escolanouclave\/wp-content\/uploads\/usu1363\/2021\/06\/PHOTO-2021-06-04-16-02-04-1024x1024.jpg\" alt=\"\" width=\"439\" height=\"439\" srcset=\"https:\/\/agora.xtec.cat\/escolanouclave\/wp-content\/uploads\/usu1363\/2021\/06\/PHOTO-2021-06-04-16-02-04-1024x1024.jpg 1024w, https:\/\/agora.xtec.cat\/escolanouclave\/wp-content\/uploads\/usu1363\/2021\/06\/PHOTO-2021-06-04-16-02-04-150x150.jpg 150w, https:\/\/agora.xtec.cat\/escolanouclave\/wp-content\/uploads\/usu1363\/2021\/06\/PHOTO-2021-06-04-16-02-04-300x300.jpg 300w, https:\/\/agora.xtec.cat\/escolanouclave\/wp-content\/uploads\/usu1363\/2021\/06\/PHOTO-2021-06-04-16-02-04-768x768.jpg 768w, https:\/\/agora.xtec.cat\/escolanouclave\/wp-content\/uploads\/usu1363\/2021\/06\/PHOTO-2021-06-04-16-02-04.jpg 2048w\" sizes=\"auto, (max-width: 439px) 100vw, 439px\" \/><\/a><\/p>\n<p>&nbsp;<\/p>\n<p>&nbsp;<\/p>\n<p>&nbsp;<\/p>\n<p>&nbsp;<\/p>\n<p>&nbsp;<\/p>\n<p>&nbsp;<\/p>\n<p>&nbsp;<\/p>\n<p>&nbsp;<\/p>\n<p>&nbsp;<\/p>\n<p>&nbsp;<\/p>\n<p><a href=\"https:\/\/agora.xtec.cat\/escolanouclave\/wp-content\/uploads\/usu1363\/2021\/06\/PHOTO-2021-06-04-16-02-05.jpg\"><img loading=\"lazy\" decoding=\"async\" class=\"alignnone wp-image-9737\" src=\"https:\/\/agora.xtec.cat\/escolanouclave\/wp-content\/uploads\/usu1363\/2021\/06\/PHOTO-2021-06-04-16-02-05-1024x1024.jpg\" alt=\"\" width=\"425\" height=\"425\" srcset=\"https:\/\/agora.xtec.cat\/escolanouclave\/wp-content\/uploads\/usu1363\/2021\/06\/PHOTO-2021-06-04-16-02-05-1024x1024.jpg 1024w, https:\/\/agora.xtec.cat\/escolanouclave\/wp-content\/uploads\/usu1363\/2021\/06\/PHOTO-2021-06-04-16-02-05-150x150.jpg 150w, https:\/\/agora.xtec.cat\/escolanouclave\/wp-content\/uploads\/usu1363\/2021\/06\/PHOTO-2021-06-04-16-02-05-300x300.jpg 300w, https:\/\/agora.xtec.cat\/escolanouclave\/wp-content\/uploads\/usu1363\/2021\/06\/PHOTO-2021-06-04-16-02-05-768x768.jpg 768w, https:\/\/agora.xtec.cat\/escolanouclave\/wp-content\/uploads\/usu1363\/2021\/06\/PHOTO-2021-06-04-16-02-05.jpg 2048w\" sizes=\"auto, (max-width: 425px) 100vw, 425px\" \/><\/a><a href=\"https:\/\/agora.xtec.cat\/escolanouclave\/wp-content\/uploads\/usu1363\/2021\/06\/PHOTO-2021-06-04-16-02-06.jpg\"><img loading=\"lazy\" decoding=\"async\" class=\"wp-image-9738 alignleft\" src=\"https:\/\/agora.xtec.cat\/escolanouclave\/wp-content\/uploads\/usu1363\/2021\/06\/PHOTO-2021-06-04-16-02-06-1024x1024.jpg\" alt=\"\" width=\"430\" height=\"430\" srcset=\"https:\/\/agora.xtec.cat\/escolanouclave\/wp-content\/uploads\/usu1363\/2021\/06\/PHOTO-2021-06-04-16-02-06-1024x1024.jpg 1024w, https:\/\/agora.xtec.cat\/escolanouclave\/wp-content\/uploads\/usu1363\/2021\/06\/PHOTO-2021-06-04-16-02-06-150x150.jpg 150w, https:\/\/agora.xtec.cat\/escolanouclave\/wp-content\/uploads\/usu1363\/2021\/06\/PHOTO-2021-06-04-16-02-06-300x300.jpg 300w, https:\/\/agora.xtec.cat\/escolanouclave\/wp-content\/uploads\/usu1363\/2021\/06\/PHOTO-2021-06-04-16-02-06-768x768.jpg 768w, https:\/\/agora.xtec.cat\/escolanouclave\/wp-content\/uploads\/usu1363\/2021\/06\/PHOTO-2021-06-04-16-02-06.jpg 2048w\" sizes=\"auto, (max-width: 430px) 100vw, 430px\" \/><\/a><\/p>\n<p>&nbsp;<\/p>\n<p>&nbsp;<\/p>\n<p>&nbsp;<\/p>\n<p>&nbsp;<\/p>\n<p>&nbsp;<\/p>\n<p>&nbsp;<\/p>\n<p>&nbsp;<\/p>\n<p>&nbsp;<\/p>\n<p>&nbsp;<\/p>\n<p>&nbsp;<\/p>\n","protected":false},"excerpt":{"rendered":"<p>&nbsp; &nbsp; Els nens d\u00b4educaci\u00f3 infantil de l\u00b4escola Anselm Clav\u00e9 hem fet una sortida al parc de Can Mul\u00e0 on hem conegut la biografia i obra del pintor Joan Mir\u00f3 a trav\u00e8s d\u00b4un conte. Hem fet un circuit amb diferents racons on hem treballat aspectes concrets d\u00b4alguns quadres ( la l\u00ednia, el color&#8230;) i hem [&hellip;]<\/p>\n","protected":false},"author":6,"featured_media":9775,"comment_status":"open","ping_status":"closed","sticky":false,"template":"","format":"standard","meta":{"_bbp_topic_count":0,"_bbp_reply_count":0,"_bbp_total_topic_count":0,"_bbp_total_reply_count":0,"_bbp_voice_count":0,"_bbp_anonymous_reply_count":0,"_bbp_topic_count_hidden":0,"_bbp_reply_count_hidden":0,"_bbp_forum_subforum_count":0,"site-sidebar-layout":"default","site-content-layout":"","ast-site-content-layout":"","site-content-style":"default","site-sidebar-style":"default","ast-global-header-display":"","ast-banner-title-visibility":"","ast-main-header-display":"","ast-hfb-above-header-display":"","ast-hfb-below-header-display":"","ast-hfb-mobile-header-display":"","site-post-title":"","ast-breadcrumbs-content":"","ast-featured-img":"","footer-sml-layout":"","theme-transparent-header-meta":"","adv-header-id-meta":"","stick-header-meta":"","header-above-stick-meta":"","header-main-stick-meta":"","header-below-stick-meta":"","astra-migrate-meta-layouts":"default","ast-page-background-enabled":"default","ast-page-background-meta":{"desktop":{"background-color":"var(--ast-global-color-4)","background-image":"","background-repeat":"repeat","background-position":"center center","background-size":"auto","background-attachment":"scroll","background-type":"","background-media":"","overlay-type":"","overlay-color":"","overlay-opacity":"","overlay-gradient":""},"tablet":{"background-color":"","background-image":"","background-repeat":"repeat","background-position":"center center","background-size":"auto","background-attachment":"scroll","background-type":"","background-media":"","overlay-type":"","overlay-color":"","overlay-opacity":"","overlay-gradient":""},"mobile":{"background-color":"","background-image":"","background-repeat":"repeat","background-position":"center center","background-size":"auto","background-attachment":"scroll","background-type":"","background-media":"","overlay-type":"","overlay-color":"","overlay-opacity":"","overlay-gradient":""}},"ast-content-background-meta":{"desktop":{"background-color":"var(--ast-global-color-5)","background-image":"","background-repeat":"repeat","background-position":"center center","background-size":"auto","background-attachment":"scroll","background-type":"","background-media":"","overlay-type":"","overlay-color":"","overlay-opacity":"","overlay-gradient":""},"tablet":{"background-color":"var(--ast-global-color-5)","background-image":"","background-repeat":"repeat","background-position":"center center","background-size":"auto","background-attachment":"scroll","background-type":"","background-media":"","overlay-type":"","overlay-color":"","overlay-opacity":"","overlay-gradient":""},"mobile":{"background-color":"var(--ast-global-color-5)","background-image":"","background-repeat":"repeat","background-position":"center center","background-size":"auto","background-attachment":"scroll","background-type":"","background-media":"","overlay-type":"","overlay-color":"","overlay-opacity":"","overlay-gradient":""}},"footnotes":""},"categories":[1,2,3,8,98],"tags":[968],"class_list":["post-9734","post","type-post","status-publish","format-standard","has-post-thumbnail","hentry","category-general","category-infantil","category-p3","category-p4","category-p5-infantil","tag-sortida-infantil"],"post_mailing_queue_ids":[],"_links":{"self":[{"href":"https:\/\/agora.xtec.cat\/escolanouclave\/wp-json\/wp\/v2\/posts\/9734","targetHints":{"allow":["GET"]}}],"collection":[{"href":"https:\/\/agora.xtec.cat\/escolanouclave\/wp-json\/wp\/v2\/posts"}],"about":[{"href":"https:\/\/agora.xtec.cat\/escolanouclave\/wp-json\/wp\/v2\/types\/post"}],"author":[{"embeddable":true,"href":"https:\/\/agora.xtec.cat\/escolanouclave\/wp-json\/wp\/v2\/users\/6"}],"replies":[{"embeddable":true,"href":"https:\/\/agora.xtec.cat\/escolanouclave\/wp-json\/wp\/v2\/comments?post=9734"}],"version-history":[{"count":4,"href":"https:\/\/agora.xtec.cat\/escolanouclave\/wp-json\/wp\/v2\/posts\/9734\/revisions"}],"predecessor-version":[{"id":9774,"href":"https:\/\/agora.xtec.cat\/escolanouclave\/wp-json\/wp\/v2\/posts\/9734\/revisions\/9774"}],"wp:featuredmedia":[{"embeddable":true,"href":"https:\/\/agora.xtec.cat\/escolanouclave\/wp-json\/wp\/v2\/media\/9775"}],"wp:attachment":[{"href":"https:\/\/agora.xtec.cat\/escolanouclave\/wp-json\/wp\/v2\/media?parent=9734"}],"wp:term":[{"taxonomy":"category","embeddable":true,"href":"https:\/\/agora.xtec.cat\/escolanouclave\/wp-json\/wp\/v2\/categories?post=9734"},{"taxonomy":"post_tag","embeddable":true,"href":"https:\/\/agora.xtec.cat\/escolanouclave\/wp-json\/wp\/v2\/tags?post=9734"}],"curies":[{"name":"wp","href":"https:\/\/api.w.org\/{rel}","templated":true}]}}